{"id":2167,"date":"2023-10-04T11:36:28","date_gmt":"2023-10-04T11:36:28","guid":{"rendered":"https:\/\/hedone.pt\/sintra-impressionante-palacio-da-pena\/"},"modified":"2024-05-26T17:49:36","modified_gmt":"2024-05-26T17:49:36","slug":"sintra-impressionante-palacio-da-pena","status":"publish","type":"post","link":"https:\/\/hedone.pt\/pt-pt\/sintra-impressionante-palacio-da-pena\/","title":{"rendered":"Sintra &#8211; Impressionante Pal\u00e1cio da Pena"},"content":{"rendered":"<p>[et_pb_section fb_built=&#8221;1&#8243; _builder_version=&#8221;4.21.0&#8243; _module_preset=&#8221;default&#8221; background_color=&#8221;#260B0B&#8221; custom_margin=&#8221;||-50px||false|false&#8221; custom_padding=&#8221;||||false|false&#8221; global_colors_info=&#8221;{}&#8221;][et_pb_row _builder_version=&#8221;4.19.4&#8243; _module_preset=&#8221;default&#8221; global_colors_info=&#8221;{}&#8221;][et_pb_column type=&#8221;4_4&#8243; _builder_version=&#8221;4.19.4&#8243; _module_preset=&#8221;default&#8221; global_colors_info=&#8221;{}&#8221;][et_pb_post_title meta=&#8221;off&#8221; featured_image=&#8221;off&#8221; _builder_version=&#8221;4.19.4&#8243; _module_preset=&#8221;default&#8221; title_font=&#8221;|800|||||||&#8221; title_font_size=&#8221;36px&#8221; background_color=&#8221;RGBA(255,255,255,0)&#8221; global_colors_info=&#8221;{}&#8221;][\/et_pb_post_title][et_pb_text _builder_version=&#8221;4.21.0&#8243; _module_preset=&#8221;default&#8221; hover_enabled=&#8221;0&#8243; global_colors_info=&#8221;{}&#8221; sticky_enabled=&#8221;0&#8243;]<\/p>\n<p>O deslumbrante Pal\u00e1cio da Pena \u00e9 uma das mais belas atrac\u00f5es tur\u00edsticas de Portugal. Situa-se no topo das colinas verdejantes, coberto de cores vivas, cobrindo a linha do horizonte de Sintra. Este belo pal\u00e1cio \u00e9 um exemplo not\u00e1vel do estilo rom\u00e2ntico de arquitetura do s\u00e9culo XIX. Em redor do pal\u00e1cio, encontram-se os terrenos florestais do Parque da Pena, com os seus caminhos rom\u00e2nticos, trilhos escondidos \u00e0 volta de rochedos gigantes, exuberantes jardins de fetos e miradouros espetaculares.<\/p>\n<p>O pal\u00e1cio \u00e9 Patrim\u00f3nio Mundial da UNESCO e uma das Sete Maravilhas de Portugal. Num dia de c\u00e9u limpo, pode mesmo avist\u00e1-lo de Lisboa!<\/p>\n<p>A hist\u00f3ria do pal\u00e1cio come\u00e7ou na Idade M\u00e9dia, quando uma capela dedicada a Nossa Senhora da Pena foi constru\u00edda no topo da colina acima de Sintra. Segundo a tradi\u00e7\u00e3o, a constru\u00e7\u00e3o ocorreu ap\u00f3s uma apari\u00e7\u00e3o da Virgem Maria.<\/p>\n<p>O melhor s\u00edtio para ficar alojado, se quiser visitar o Pal\u00e1cio da Pena e a \u00e1rea mais vasta de Sintra, \u00e9 a propriedade Hedone em <a href=\"https:\/\/hedone.pt\/pt-pt\/hedone-sintra\/\"><strong>Galamares<\/strong><\/a>. Fica apenas a 10 minutos de carro do centro de Sintra e a cerca de 10 minutos do Pal\u00e1cio da Pena, na serra.<\/p>\n<p> <strong>Hedone<\/strong> <strong>is HOME.<\/strong><\/p>\n<p>[\/et_pb_text][\/et_pb_column][\/et_pb_row][\/et_pb_section]<\/p>\n","protected":false},"excerpt":{"rendered":"<p>O deslumbrante Pal\u00e1cio da Pena \u00e9 uma das mais belas atrac\u00f5es tur\u00edsticas de Portugal. Situa-se no topo das colinas verdejantes, coberto de cores vivas, cobrindo a linha do horizonte de Sintra. Este belo pal\u00e1cio \u00e9 um exemplo not\u00e1vel do estilo rom\u00e2ntico de arquitetura do s\u00e9culo XIX. Em redor do pal\u00e1cio, encontram-se os terrenos florestais do [&hellip;]<\/p>\n","protected":false},"author":3,"featured_media":2683,"comment_status":"closed","ping_status":"open","sticky":false,"template":"","format":"standard","meta":{"_et_pb_use_builder":"on","_et_pb_old_content":"","_et_gb_content_width":"","footnotes":""},"categories":[28],"tags":[68,70,112,69],"class_list":["post-2167","post","type-post","status-publish","format-standard","has-post-thumbnail","hentry","category-lifestyle-pt-pt","tag-sintra-pt-pt","tag-sintra-alojamento","tag-visit-sintra-pt-pt-2","tag-visitar-sintra"],"yoast_head":"<!-- This site is optimized with the Yoast SEO plugin v26.2 - https:\/\/yoast.com\/wordpress\/plugins\/seo\/ -->\n<title>Sintra - Impressionante Pal\u00e1cio da Pena - Hedone<\/title>\n<meta name=\"description\" content=\"O deslumbrante Pal\u00e1cio da Pena \u00e9 uma das mais belas atrac\u00f5es tur\u00edsticas de Portugal. Situa-se no topo das colinas verdejantes...\" \/>\n<meta name=\"robots\" content=\"index, follow, max-snippet:-1, max-image-preview:large, max-video-preview:-1\" \/>\n<link rel=\"canonical\" href=\"https:\/\/hedone.pt\/pt-pt\/sintra-impressionante-palacio-da-pena\/\" \/>\n<meta property=\"og:locale\" content=\"pt_PT\" \/>\n<meta property=\"og:type\" content=\"article\" \/>\n<meta property=\"og:title\" content=\"Sintra - Impressionante Pal\u00e1cio da Pena - Hedone\" \/>\n<meta property=\"og:description\" content=\"O deslumbrante Pal\u00e1cio da Pena \u00e9 uma das mais belas atrac\u00f5es tur\u00edsticas de Portugal. Situa-se no topo das colinas verdejantes...\" \/>\n<meta property=\"og:url\" content=\"https:\/\/hedone.pt\/pt-pt\/sintra-impressionante-palacio-da-pena\/\" \/>\n<meta property=\"og:site_name\" content=\"Hedone\" \/>\n<meta property=\"article:publisher\" content=\"https:\/\/www.facebook.com\/profile.php?id=61551012387703\" \/>\n<meta property=\"article:published_time\" content=\"2023-10-04T11:36:28+00:00\" \/>\n<meta property=\"article:modified_time\" content=\"2024-05-26T17:49:36+00:00\" \/>\n<meta property=\"og:image\" content=\"https:\/\/hedone.pt\/wp-content\/uploads\/2023\/10\/Palacio-da-Pena-1.jpg\" \/>\n\t<meta property=\"og:image:width\" content=\"1200\" \/>\n\t<meta property=\"og:image:height\" content=\"627\" \/>\n\t<meta property=\"og:image:type\" content=\"image\/jpeg\" \/>\n<meta name=\"author\" content=\"Hedone\" \/>\n<meta name=\"twitter:card\" content=\"summary_large_image\" \/>\n<meta name=\"twitter:label1\" content=\"Escrito por\" \/>\n\t<meta name=\"twitter:data1\" content=\"Hedone\" \/>\n\t<meta name=\"twitter:label2\" content=\"Tempo estimado de leitura\" \/>\n\t<meta name=\"twitter:data2\" content=\"2 minutos\" \/>\n<script type=\"application\/ld+json\" class=\"yoast-schema-graph\">{\"@context\":\"https:\/\/schema.org\",\"@graph\":[{\"@type\":\"Article\",\"@id\":\"https:\/\/hedone.pt\/pt-pt\/sintra-impressionante-palacio-da-pena\/#article\",\"isPartOf\":{\"@id\":\"https:\/\/hedone.pt\/pt-pt\/sintra-impressionante-palacio-da-pena\/\"},\"author\":{\"name\":\"Hedone\",\"@id\":\"https:\/\/hedone.pt\/pt-pt\/#\/schema\/person\/3a63140506bb493902f2f4db82aaf387\"},\"headline\":\"Sintra &#8211; Impressionante Pal\u00e1cio da Pena\",\"datePublished\":\"2023-10-04T11:36:28+00:00\",\"dateModified\":\"2024-05-26T17:49:36+00:00\",\"mainEntityOfPage\":{\"@id\":\"https:\/\/hedone.pt\/pt-pt\/sintra-impressionante-palacio-da-pena\/\"},\"wordCount\":323,\"publisher\":{\"@id\":\"https:\/\/hedone.pt\/pt-pt\/#organization\"},\"image\":{\"@id\":\"https:\/\/hedone.pt\/pt-pt\/sintra-impressionante-palacio-da-pena\/#primaryimage\"},\"thumbnailUrl\":\"https:\/\/hedone.pt\/wp-content\/uploads\/2023\/10\/Palacio-da-Pena-1.jpg\",\"keywords\":[\"sintra\",\"sintra alojamento\",\"visit sintra\",\"visitar sintra\"],\"articleSection\":[\"Lifestyle\"],\"inLanguage\":\"pt-PT\"},{\"@type\":\"WebPage\",\"@id\":\"https:\/\/hedone.pt\/pt-pt\/sintra-impressionante-palacio-da-pena\/\",\"url\":\"https:\/\/hedone.pt\/pt-pt\/sintra-impressionante-palacio-da-pena\/\",\"name\":\"Sintra - Impressionante Pal\u00e1cio da Pena - Hedone\",\"isPartOf\":{\"@id\":\"https:\/\/hedone.pt\/pt-pt\/#website\"},\"primaryImageOfPage\":{\"@id\":\"https:\/\/hedone.pt\/pt-pt\/sintra-impressionante-palacio-da-pena\/#primaryimage\"},\"image\":{\"@id\":\"https:\/\/hedone.pt\/pt-pt\/sintra-impressionante-palacio-da-pena\/#primaryimage\"},\"thumbnailUrl\":\"https:\/\/hedone.pt\/wp-content\/uploads\/2023\/10\/Palacio-da-Pena-1.jpg\",\"datePublished\":\"2023-10-04T11:36:28+00:00\",\"dateModified\":\"2024-05-26T17:49:36+00:00\",\"description\":\"O deslumbrante Pal\u00e1cio da Pena \u00e9 uma das mais belas atrac\u00f5es tur\u00edsticas de Portugal. Situa-se no topo das colinas verdejantes...\",\"breadcrumb\":{\"@id\":\"https:\/\/hedone.pt\/pt-pt\/sintra-impressionante-palacio-da-pena\/#breadcrumb\"},\"inLanguage\":\"pt-PT\",\"potentialAction\":[{\"@type\":\"ReadAction\",\"target\":[\"https:\/\/hedone.pt\/pt-pt\/sintra-impressionante-palacio-da-pena\/\"]}]},{\"@type\":\"ImageObject\",\"inLanguage\":\"pt-PT\",\"@id\":\"https:\/\/hedone.pt\/pt-pt\/sintra-impressionante-palacio-da-pena\/#primaryimage\",\"url\":\"https:\/\/hedone.pt\/wp-content\/uploads\/2023\/10\/Palacio-da-Pena-1.jpg\",\"contentUrl\":\"https:\/\/hedone.pt\/wp-content\/uploads\/2023\/10\/Palacio-da-Pena-1.jpg\",\"width\":1200,\"height\":627,\"caption\":\"Pena palace\"},{\"@type\":\"BreadcrumbList\",\"@id\":\"https:\/\/hedone.pt\/pt-pt\/sintra-impressionante-palacio-da-pena\/#breadcrumb\",\"itemListElement\":[{\"@type\":\"ListItem\",\"position\":1,\"name\":\"Home\",\"item\":\"https:\/\/hedone.pt\/pt-pt\/\"},{\"@type\":\"ListItem\",\"position\":2,\"name\":\"Sintra &#8211; Impressionante Pal\u00e1cio da Pena\"}]},{\"@type\":\"WebSite\",\"@id\":\"https:\/\/hedone.pt\/pt-pt\/#website\",\"url\":\"https:\/\/hedone.pt\/pt-pt\/\",\"name\":\"Hedone\",\"description\":\"Go everywhere but start here\",\"publisher\":{\"@id\":\"https:\/\/hedone.pt\/pt-pt\/#organization\"},\"potentialAction\":[{\"@type\":\"SearchAction\",\"target\":{\"@type\":\"EntryPoint\",\"urlTemplate\":\"https:\/\/hedone.pt\/pt-pt\/?s={search_term_string}\"},\"query-input\":{\"@type\":\"PropertyValueSpecification\",\"valueRequired\":true,\"valueName\":\"search_term_string\"}}],\"inLanguage\":\"pt-PT\"},{\"@type\":\"Organization\",\"@id\":\"https:\/\/hedone.pt\/pt-pt\/#organization\",\"name\":\"Hedone\",\"url\":\"https:\/\/hedone.pt\/pt-pt\/\",\"logo\":{\"@type\":\"ImageObject\",\"inLanguage\":\"pt-PT\",\"@id\":\"https:\/\/hedone.pt\/pt-pt\/#\/schema\/logo\/image\/\",\"url\":\"https:\/\/hedone.pt\/wp-content\/uploads\/2023\/01\/Hedone_Logotipo_SemFundo-e1674658481593.png\",\"contentUrl\":\"https:\/\/hedone.pt\/wp-content\/uploads\/2023\/01\/Hedone_Logotipo_SemFundo-e1674658481593.png\",\"width\":1175,\"height\":869,\"caption\":\"Hedone\"},\"image\":{\"@id\":\"https:\/\/hedone.pt\/pt-pt\/#\/schema\/logo\/image\/\"},\"sameAs\":[\"https:\/\/www.facebook.com\/profile.php?id=61551012387703\",\"https:\/\/www.instagram.com\/hedone_properties\/\",\"https:\/\/api.whatsapp.com\/send\/?phone=351929061490&text&type=phone_number&app_absent=0\"]},{\"@type\":\"Person\",\"@id\":\"https:\/\/hedone.pt\/pt-pt\/#\/schema\/person\/3a63140506bb493902f2f4db82aaf387\",\"name\":\"Hedone\",\"image\":{\"@type\":\"ImageObject\",\"inLanguage\":\"pt-PT\",\"@id\":\"https:\/\/hedone.pt\/pt-pt\/#\/schema\/person\/image\/\",\"url\":\"https:\/\/secure.gravatar.com\/avatar\/418f74acd1f1514b31d4d2a99f5fa546f89775d2ac0f931151cb25a8986b8942?s=96&d=mm&r=g\",\"contentUrl\":\"https:\/\/secure.gravatar.com\/avatar\/418f74acd1f1514b31d4d2a99f5fa546f89775d2ac0f931151cb25a8986b8942?s=96&d=mm&r=g\",\"caption\":\"Hedone\"},\"url\":\"https:\/\/hedone.pt\/pt-pt\/author\/hedone-adm\/\"}]}<\/script>\n<!-- \/ Yoast SEO plugin. -->","yoast_head_json":{"title":"Sintra - Impressionante Pal\u00e1cio da Pena - Hedone","description":"O deslumbrante Pal\u00e1cio da Pena \u00e9 uma das mais belas atrac\u00f5es tur\u00edsticas de Portugal. Situa-se no topo das colinas verdejantes...","robots":{"index":"index","follow":"follow","max-snippet":"max-snippet:-1","max-image-preview":"max-image-preview:large","max-video-preview":"max-video-preview:-1"},"canonical":"https:\/\/hedone.pt\/pt-pt\/sintra-impressionante-palacio-da-pena\/","og_locale":"pt_PT","og_type":"article","og_title":"Sintra - Impressionante Pal\u00e1cio da Pena - Hedone","og_description":"O deslumbrante Pal\u00e1cio da Pena \u00e9 uma das mais belas atrac\u00f5es tur\u00edsticas de Portugal. Situa-se no topo das colinas verdejantes...","og_url":"https:\/\/hedone.pt\/pt-pt\/sintra-impressionante-palacio-da-pena\/","og_site_name":"Hedone","article_publisher":"https:\/\/www.facebook.com\/profile.php?id=61551012387703","article_published_time":"2023-10-04T11:36:28+00:00","article_modified_time":"2024-05-26T17:49:36+00:00","og_image":[{"width":1200,"height":627,"url":"https:\/\/hedone.pt\/wp-content\/uploads\/2023\/10\/Palacio-da-Pena-1.jpg","type":"image\/jpeg"}],"author":"Hedone","twitter_card":"summary_large_image","twitter_misc":{"Escrito por":"Hedone","Tempo estimado de leitura":"2 minutos"},"schema":{"@context":"https:\/\/schema.org","@graph":[{"@type":"Article","@id":"https:\/\/hedone.pt\/pt-pt\/sintra-impressionante-palacio-da-pena\/#article","isPartOf":{"@id":"https:\/\/hedone.pt\/pt-pt\/sintra-impressionante-palacio-da-pena\/"},"author":{"name":"Hedone","@id":"https:\/\/hedone.pt\/pt-pt\/#\/schema\/person\/3a63140506bb493902f2f4db82aaf387"},"headline":"Sintra &#8211; Impressionante Pal\u00e1cio da Pena","datePublished":"2023-10-04T11:36:28+00:00","dateModified":"2024-05-26T17:49:36+00:00","mainEntityOfPage":{"@id":"https:\/\/hedone.pt\/pt-pt\/sintra-impressionante-palacio-da-pena\/"},"wordCount":323,"publisher":{"@id":"https:\/\/hedone.pt\/pt-pt\/#organization"},"image":{"@id":"https:\/\/hedone.pt\/pt-pt\/sintra-impressionante-palacio-da-pena\/#primaryimage"},"thumbnailUrl":"https:\/\/hedone.pt\/wp-content\/uploads\/2023\/10\/Palacio-da-Pena-1.jpg","keywords":["sintra","sintra alojamento","visit sintra","visitar sintra"],"articleSection":["Lifestyle"],"inLanguage":"pt-PT"},{"@type":"WebPage","@id":"https:\/\/hedone.pt\/pt-pt\/sintra-impressionante-palacio-da-pena\/","url":"https:\/\/hedone.pt\/pt-pt\/sintra-impressionante-palacio-da-pena\/","name":"Sintra - Impressionante Pal\u00e1cio da Pena - Hedone","isPartOf":{"@id":"https:\/\/hedone.pt\/pt-pt\/#website"},"primaryImageOfPage":{"@id":"https:\/\/hedone.pt\/pt-pt\/sintra-impressionante-palacio-da-pena\/#primaryimage"},"image":{"@id":"https:\/\/hedone.pt\/pt-pt\/sintra-impressionante-palacio-da-pena\/#primaryimage"},"thumbnailUrl":"https:\/\/hedone.pt\/wp-content\/uploads\/2023\/10\/Palacio-da-Pena-1.jpg","datePublished":"2023-10-04T11:36:28+00:00","dateModified":"2024-05-26T17:49:36+00:00","description":"O deslumbrante Pal\u00e1cio da Pena \u00e9 uma das mais belas atrac\u00f5es tur\u00edsticas de Portugal. Situa-se no topo das colinas verdejantes...","breadcrumb":{"@id":"https:\/\/hedone.pt\/pt-pt\/sintra-impressionante-palacio-da-pena\/#breadcrumb"},"inLanguage":"pt-PT","potentialAction":[{"@type":"ReadAction","target":["https:\/\/hedone.pt\/pt-pt\/sintra-impressionante-palacio-da-pena\/"]}]},{"@type":"ImageObject","inLanguage":"pt-PT","@id":"https:\/\/hedone.pt\/pt-pt\/sintra-impressionante-palacio-da-pena\/#primaryimage","url":"https:\/\/hedone.pt\/wp-content\/uploads\/2023\/10\/Palacio-da-Pena-1.jpg","contentUrl":"https:\/\/hedone.pt\/wp-content\/uploads\/2023\/10\/Palacio-da-Pena-1.jpg","width":1200,"height":627,"caption":"Pena palace"},{"@type":"BreadcrumbList","@id":"https:\/\/hedone.pt\/pt-pt\/sintra-impressionante-palacio-da-pena\/#breadcrumb","itemListElement":[{"@type":"ListItem","position":1,"name":"Home","item":"https:\/\/hedone.pt\/pt-pt\/"},{"@type":"ListItem","position":2,"name":"Sintra &#8211; Impressionante Pal\u00e1cio da Pena"}]},{"@type":"WebSite","@id":"https:\/\/hedone.pt\/pt-pt\/#website","url":"https:\/\/hedone.pt\/pt-pt\/","name":"Hedone","description":"Go everywhere but start here","publisher":{"@id":"https:\/\/hedone.pt\/pt-pt\/#organization"},"potentialAction":[{"@type":"SearchAction","target":{"@type":"EntryPoint","urlTemplate":"https:\/\/hedone.pt\/pt-pt\/?s={search_term_string}"},"query-input":{"@type":"PropertyValueSpecification","valueRequired":true,"valueName":"search_term_string"}}],"inLanguage":"pt-PT"},{"@type":"Organization","@id":"https:\/\/hedone.pt\/pt-pt\/#organization","name":"Hedone","url":"https:\/\/hedone.pt\/pt-pt\/","logo":{"@type":"ImageObject","inLanguage":"pt-PT","@id":"https:\/\/hedone.pt\/pt-pt\/#\/schema\/logo\/image\/","url":"https:\/\/hedone.pt\/wp-content\/uploads\/2023\/01\/Hedone_Logotipo_SemFundo-e1674658481593.png","contentUrl":"https:\/\/hedone.pt\/wp-content\/uploads\/2023\/01\/Hedone_Logotipo_SemFundo-e1674658481593.png","width":1175,"height":869,"caption":"Hedone"},"image":{"@id":"https:\/\/hedone.pt\/pt-pt\/#\/schema\/logo\/image\/"},"sameAs":["https:\/\/www.facebook.com\/profile.php?id=61551012387703","https:\/\/www.instagram.com\/hedone_properties\/","https:\/\/api.whatsapp.com\/send\/?phone=351929061490&text&type=phone_number&app_absent=0"]},{"@type":"Person","@id":"https:\/\/hedone.pt\/pt-pt\/#\/schema\/person\/3a63140506bb493902f2f4db82aaf387","name":"Hedone","image":{"@type":"ImageObject","inLanguage":"pt-PT","@id":"https:\/\/hedone.pt\/pt-pt\/#\/schema\/person\/image\/","url":"https:\/\/secure.gravatar.com\/avatar\/418f74acd1f1514b31d4d2a99f5fa546f89775d2ac0f931151cb25a8986b8942?s=96&d=mm&r=g","contentUrl":"https:\/\/secure.gravatar.com\/avatar\/418f74acd1f1514b31d4d2a99f5fa546f89775d2ac0f931151cb25a8986b8942?s=96&d=mm&r=g","caption":"Hedone"},"url":"https:\/\/hedone.pt\/pt-pt\/author\/hedone-adm\/"}]}},"_links":{"self":[{"href":"https:\/\/hedone.pt\/pt-pt\/wp-json\/wp\/v2\/posts\/2167","targetHints":{"allow":["GET"]}}],"collection":[{"href":"https:\/\/hedone.pt\/pt-pt\/wp-json\/wp\/v2\/posts"}],"about":[{"href":"https:\/\/hedone.pt\/pt-pt\/wp-json\/wp\/v2\/types\/post"}],"author":[{"embeddable":true,"href":"https:\/\/hedone.pt\/pt-pt\/wp-json\/wp\/v2\/users\/3"}],"replies":[{"embeddable":true,"href":"https:\/\/hedone.pt\/pt-pt\/wp-json\/wp\/v2\/comments?post=2167"}],"version-history":[{"count":7,"href":"https:\/\/hedone.pt\/pt-pt\/wp-json\/wp\/v2\/posts\/2167\/revisions"}],"predecessor-version":[{"id":2687,"href":"https:\/\/hedone.pt\/pt-pt\/wp-json\/wp\/v2\/posts\/2167\/revisions\/2687"}],"wp:featuredmedia":[{"embeddable":true,"href":"https:\/\/hedone.pt\/pt-pt\/wp-json\/wp\/v2\/media\/2683"}],"wp:attachment":[{"href":"https:\/\/hedone.pt\/pt-pt\/wp-json\/wp\/v2\/media?parent=2167"}],"wp:term":[{"taxonomy":"category","embeddable":true,"href":"https:\/\/hedone.pt\/pt-pt\/wp-json\/wp\/v2\/categories?post=2167"},{"taxonomy":"post_tag","embeddable":true,"href":"https:\/\/hedone.pt\/pt-pt\/wp-json\/wp\/v2\/tags?post=2167"}],"curies":[{"name":"wp","href":"https:\/\/api.w.org\/{rel}","templated":true}]}}