{"id":2204,"date":"2023-10-12T10:51:17","date_gmt":"2023-10-12T10:51:17","guid":{"rendered":"https:\/\/hedone.pt\/conciliar-trabalho-e-descanso-durante-o-web-summit-de-13-11-a-16-11\/"},"modified":"2023-10-12T11:23:39","modified_gmt":"2023-10-12T11:23:39","slug":"conciliar-trabalho-e-descanso-durante-o-web-summit-de-13-11-a-16-11","status":"publish","type":"post","link":"https:\/\/hedone.pt\/pt-pt\/conciliar-trabalho-e-descanso-durante-o-web-summit-de-13-11-a-16-11\/","title":{"rendered":"Conciliar Trabalho e descanso durante o Web Summit (de 13 a 16 de novembro)!"},"content":{"rendered":"<p>[et_pb_section fb_built=&#8221;1&#8243; _builder_version=&#8221;4.21.0&#8243; _module_preset=&#8221;default&#8221; background_color=&#8221;#260B0B&#8221; custom_margin=&#8221;||-50px||false|false&#8221; custom_padding=&#8221;||||false|false&#8221; global_colors_info=&#8221;{}&#8221;][et_pb_row _builder_version=&#8221;4.19.4&#8243; _module_preset=&#8221;default&#8221; global_colors_info=&#8221;{}&#8221;][et_pb_column type=&#8221;4_4&#8243; _builder_version=&#8221;4.19.4&#8243; _module_preset=&#8221;default&#8221; global_colors_info=&#8221;{}&#8221;][et_pb_post_title meta=&#8221;off&#8221; featured_image=&#8221;off&#8221; _builder_version=&#8221;4.19.4&#8243; _module_preset=&#8221;default&#8221; title_font=&#8221;|800|||||||&#8221; title_font_size=&#8221;36px&#8221; background_color=&#8221;RGBA(255,255,255,0)&#8221; global_colors_info=&#8221;{}&#8221;][\/et_pb_post_title][et_pb_text _builder_version=&#8221;4.21.0&#8243; _module_preset=&#8221;default&#8221; hover_enabled=&#8221;0&#8243; global_colors_info=&#8221;{}&#8221; sticky_enabled=&#8221;0&#8243;]<\/p>\n<h3>Est\u00e1 no tempo de fazer a sua reserva de alojamento.<br \/>Web Summit &#8211; Lisboa 13 a 16 de novembro<\/h3>\n<p>Estamos em pleno Outono e a aproximarmo-nos a largos passos do Inverno, apesar de em Portugal n\u00e3o nos darmos conta disso, dadas as temperaturas superiores a 30 graus que se t\u00eam feito sentir nas 2 (duas) \u00faltimas semanas.<\/p>\n<p>Com o aproximar do Inverno, Portugal vai ser palco de importantes confer\u00eancias e encontros empresariais, deq ue destacaremos o Web Summit que vai acontecer entre 13 e 16.11 (de 2\u00aa feira a 5\u00aa feira).<\/p>\n<p>O Web Summit \u00e9 um dos maiores eventos de tecnologia e inova\u00e7\u00e3o do mundo, realizado anualmente em Lisboa, Portugal. O Web Summit n\u00e3o \u00e9 uma feira no sentido tradicional, mas sim uma confer\u00eancia e festival de tecnologia que re\u00fane l\u00edderes da ind\u00fastria de tecnologia, empreendedores, investidores e outros profissionais interessados em tecnologia e inova\u00e7\u00e3o.<\/p>\n<p>Durante o Web Summit, os participantes t\u00eam a oportunidade de assistir a palestras, pain\u00e9is de discuss\u00e3o, workshops e apresenta\u00e7\u00f5es de empresas e startups inovadoras. Tamb\u00e9m \u00e9 uma oportunidade para networking e estabelecer contactos na ind\u00fastria de tecnologia.<\/p>\n<p>Se estiver a pensar visitar o Web Summit e estiver interessado em aproveitar a sua estadia em Lisboa para fazer turismo, saiba que a cidade oferece muitas atra\u00e7\u00f5es tur\u00edsticas interessantes, incluindo museus, monumentos hist\u00f3ricos, praias e uma rica cultura gastron\u00f3mica, raz\u00e3o pela qual pode combinar a sua participa\u00e7\u00e3o no Web Summit com umas f\u00e9rias em Lisboa ou arredores, como<a href=\"https:\/\/hedone.pt\/pt-pt\/hedone-cascais\/\"><strong>Cascais<\/strong><\/a>, <a href=\"https:\/\/hedone.pt\/pt-pt\/hedone-sintra\/\"><strong>Sintra<\/strong><\/a>, <a href=\"https:\/\/hedone.pt\/pt-pt\/hedone-troia\/\"><strong>Troia<\/strong><\/a> e at\u00e9 a <a href=\"https:\/\/hedone.pt\/pt-pt\/hedone-praia-del-rey\/\"><strong>Praia del Rey<\/strong><\/a>.<\/p>\n<p>Basta que venha para Portugal a 10.11 e pode usufruir do fim de semana imediatamente antes do Web Summit de 11 e 12.11 ou do seguinte de 17,18, e 19.11. E se tiver muita sorte e tempo quem sabe at\u00e9 consegue aproveitar os 2 (dois) fins de semana!<\/p>\n<p>Para o efeito certifique-se de que est\u00e1 a tempo de fazer reservas antecipadas nos nossos Alojamentos.<\/p>\n<p>Conciliar trabalho e viagem pode ser desafiador, mas \u00e9 poss\u00edvel com um planeamento e organiza\u00e7\u00e3o adequados.<\/p>\n<p>Use tecnologia para ficar conectado: mantenha-se acess\u00edvel e produtivo durante a sua viagem a Lisboa para o Web Summit mas n\u00e3o deixe de passar pelos nossos ALs e descobrir o qu\u00e3o maravilhoso \u00e9 Portugal \ud83d\ude42<\/p>\n<p>Lembre-se de que a viagem e o trabalho podem ser conciliados com sucesso.<\/p>\n<p><strong>Porque o mundo \u00e9 incrivelmente belo, mas HOME \u00e9 sempre HOME, \u00e9 Hedone.<\/strong><\/p>\n<p>[\/et_pb_text][\/et_pb_column][\/et_pb_row][\/et_pb_section]<\/p>\n","protected":false},"excerpt":{"rendered":"<p>Est\u00e1 no tempo de fazer a sua reserva de alojamento.Web Summit &#8211; Lisboa 13 a 16 de novembro Estamos em pleno Outono e a aproximarmo-nos a largos passos do Inverno, apesar de em Portugal n\u00e3o nos darmos conta disso, dadas as temperaturas superiores a 30 graus que se t\u00eam feito sentir nas 2 (duas) \u00faltimas [&hellip;]<\/p>\n","protected":false},"author":3,"featured_media":2200,"comment_status":"closed","ping_status":"open","sticky":false,"template":"","format":"standard","meta":{"_et_pb_use_builder":"on","_et_pb_old_content":"","_et_gb_content_width":"","footnotes":""},"categories":[28],"tags":[60,62,61],"class_list":["post-2204","post","type-post","status-publish","format-standard","has-post-thumbnail","hentry","category-lifestyle-pt-pt","tag-web-summit-pt-pt","tag-web-summit-alojamento","tag-web-summit-lisboa-pt-pt"],"yoast_head":"<!-- This site is optimized with the Yoast SEO plugin v26.2 - https:\/\/yoast.com\/wordpress\/plugins\/seo\/ -->\n<title>Conciliar Trabalho e descanso durante o Web Summit (de 13 a 16 de novembro)! - Hedone<\/title>\n<meta name=\"description\" content=\"Web Summit Lisboa - Est\u00e1 no tempo de fazer a sua reserva de alojamento. Conciliar Trabalho e descanso durante o Web Summit (de 13 a 16 de novembro)!\" \/>\n<meta name=\"robots\" content=\"index, follow, max-snippet:-1, max-image-preview:large, max-video-preview:-1\" \/>\n<link rel=\"canonical\" href=\"https:\/\/hedone.pt\/pt-pt\/conciliar-trabalho-e-descanso-durante-o-web-summit-de-13-11-a-16-11\/\" \/>\n<meta property=\"og:locale\" content=\"pt_PT\" \/>\n<meta property=\"og:type\" content=\"article\" \/>\n<meta property=\"og:title\" content=\"Conciliar Trabalho e descanso durante o Web Summit (de 13 a 16 de novembro)! - Hedone\" \/>\n<meta property=\"og:description\" content=\"Web Summit Lisboa - Est\u00e1 no tempo de fazer a sua reserva de alojamento. Conciliar Trabalho e descanso durante o Web Summit (de 13 a 16 de novembro)!\" \/>\n<meta property=\"og:url\" content=\"https:\/\/hedone.pt\/pt-pt\/conciliar-trabalho-e-descanso-durante-o-web-summit-de-13-11-a-16-11\/\" \/>\n<meta property=\"og:site_name\" content=\"Hedone\" \/>\n<meta property=\"article:publisher\" content=\"https:\/\/www.facebook.com\/profile.php?id=61551012387703\" \/>\n<meta property=\"article:published_time\" content=\"2023-10-12T10:51:17+00:00\" \/>\n<meta property=\"article:modified_time\" content=\"2023-10-12T11:23:39+00:00\" \/>\n<meta property=\"og:image\" content=\"https:\/\/hedone.pt\/wp-content\/uploads\/2023\/10\/Hedone.jpg\" \/>\n\t<meta property=\"og:image:width\" content=\"1546\" \/>\n\t<meta property=\"og:image:height\" content=\"803\" \/>\n\t<meta property=\"og:image:type\" content=\"image\/jpeg\" \/>\n<meta name=\"author\" content=\"Hedone\" \/>\n<meta name=\"twitter:card\" content=\"summary_large_image\" \/>\n<meta name=\"twitter:label1\" content=\"Escrito por\" \/>\n\t<meta name=\"twitter:data1\" content=\"Hedone\" \/>\n\t<meta name=\"twitter:label2\" content=\"Tempo estimado de leitura\" \/>\n\t<meta name=\"twitter:data2\" content=\"3 minutos\" \/>\n<script type=\"application\/ld+json\" class=\"yoast-schema-graph\">{\"@context\":\"https:\/\/schema.org\",\"@graph\":[{\"@type\":\"Article\",\"@id\":\"https:\/\/hedone.pt\/pt-pt\/conciliar-trabalho-e-descanso-durante-o-web-summit-de-13-11-a-16-11\/#article\",\"isPartOf\":{\"@id\":\"https:\/\/hedone.pt\/pt-pt\/conciliar-trabalho-e-descanso-durante-o-web-summit-de-13-11-a-16-11\/\"},\"author\":{\"name\":\"Hedone\",\"@id\":\"https:\/\/hedone.pt\/pt-pt\/#\/schema\/person\/3a63140506bb493902f2f4db82aaf387\"},\"headline\":\"Conciliar Trabalho e descanso durante o Web Summit (de 13 a 16 de novembro)!\",\"datePublished\":\"2023-10-12T10:51:17+00:00\",\"dateModified\":\"2023-10-12T11:23:39+00:00\",\"mainEntityOfPage\":{\"@id\":\"https:\/\/hedone.pt\/pt-pt\/conciliar-trabalho-e-descanso-durante-o-web-summit-de-13-11-a-16-11\/\"},\"wordCount\":515,\"publisher\":{\"@id\":\"https:\/\/hedone.pt\/pt-pt\/#organization\"},\"image\":{\"@id\":\"https:\/\/hedone.pt\/pt-pt\/conciliar-trabalho-e-descanso-durante-o-web-summit-de-13-11-a-16-11\/#primaryimage\"},\"thumbnailUrl\":\"https:\/\/hedone.pt\/wp-content\/uploads\/2023\/10\/Hedone.jpg\",\"keywords\":[\"web summit\",\"web summit alojamento\",\"web summit lisboa\"],\"articleSection\":[\"Lifestyle\"],\"inLanguage\":\"pt-PT\"},{\"@type\":\"WebPage\",\"@id\":\"https:\/\/hedone.pt\/pt-pt\/conciliar-trabalho-e-descanso-durante-o-web-summit-de-13-11-a-16-11\/\",\"url\":\"https:\/\/hedone.pt\/pt-pt\/conciliar-trabalho-e-descanso-durante-o-web-summit-de-13-11-a-16-11\/\",\"name\":\"Conciliar Trabalho e descanso durante o Web Summit (de 13 a 16 de novembro)! - Hedone\",\"isPartOf\":{\"@id\":\"https:\/\/hedone.pt\/pt-pt\/#website\"},\"primaryImageOfPage\":{\"@id\":\"https:\/\/hedone.pt\/pt-pt\/conciliar-trabalho-e-descanso-durante-o-web-summit-de-13-11-a-16-11\/#primaryimage\"},\"image\":{\"@id\":\"https:\/\/hedone.pt\/pt-pt\/conciliar-trabalho-e-descanso-durante-o-web-summit-de-13-11-a-16-11\/#primaryimage\"},\"thumbnailUrl\":\"https:\/\/hedone.pt\/wp-content\/uploads\/2023\/10\/Hedone.jpg\",\"datePublished\":\"2023-10-12T10:51:17+00:00\",\"dateModified\":\"2023-10-12T11:23:39+00:00\",\"description\":\"Web Summit Lisboa - Est\u00e1 no tempo de fazer a sua reserva de alojamento. Conciliar Trabalho e descanso durante o Web Summit (de 13 a 16 de novembro)!\",\"breadcrumb\":{\"@id\":\"https:\/\/hedone.pt\/pt-pt\/conciliar-trabalho-e-descanso-durante-o-web-summit-de-13-11-a-16-11\/#breadcrumb\"},\"inLanguage\":\"pt-PT\",\"potentialAction\":[{\"@type\":\"ReadAction\",\"target\":[\"https:\/\/hedone.pt\/pt-pt\/conciliar-trabalho-e-descanso-durante-o-web-summit-de-13-11-a-16-11\/\"]}]},{\"@type\":\"ImageObject\",\"inLanguage\":\"pt-PT\",\"@id\":\"https:\/\/hedone.pt\/pt-pt\/conciliar-trabalho-e-descanso-durante-o-web-summit-de-13-11-a-16-11\/#primaryimage\",\"url\":\"https:\/\/hedone.pt\/wp-content\/uploads\/2023\/10\/Hedone.jpg\",\"contentUrl\":\"https:\/\/hedone.pt\/wp-content\/uploads\/2023\/10\/Hedone.jpg\",\"width\":1546,\"height\":803},{\"@type\":\"BreadcrumbList\",\"@id\":\"https:\/\/hedone.pt\/pt-pt\/conciliar-trabalho-e-descanso-durante-o-web-summit-de-13-11-a-16-11\/#breadcrumb\",\"itemListElement\":[{\"@type\":\"ListItem\",\"position\":1,\"name\":\"Home\",\"item\":\"https:\/\/hedone.pt\/pt-pt\/\"},{\"@type\":\"ListItem\",\"position\":2,\"name\":\"Conciliar Trabalho e descanso durante o Web Summit (de 13 a 16 de novembro)!\"}]},{\"@type\":\"WebSite\",\"@id\":\"https:\/\/hedone.pt\/pt-pt\/#website\",\"url\":\"https:\/\/hedone.pt\/pt-pt\/\",\"name\":\"Hedone\",\"description\":\"Go everywhere but start here\",\"publisher\":{\"@id\":\"https:\/\/hedone.pt\/pt-pt\/#organization\"},\"potentialAction\":[{\"@type\":\"SearchAction\",\"target\":{\"@type\":\"EntryPoint\",\"urlTemplate\":\"https:\/\/hedone.pt\/pt-pt\/?s={search_term_string}\"},\"query-input\":{\"@type\":\"PropertyValueSpecification\",\"valueRequired\":true,\"valueName\":\"search_term_string\"}}],\"inLanguage\":\"pt-PT\"},{\"@type\":\"Organization\",\"@id\":\"https:\/\/hedone.pt\/pt-pt\/#organization\",\"name\":\"Hedone\",\"url\":\"https:\/\/hedone.pt\/pt-pt\/\",\"logo\":{\"@type\":\"ImageObject\",\"inLanguage\":\"pt-PT\",\"@id\":\"https:\/\/hedone.pt\/pt-pt\/#\/schema\/logo\/image\/\",\"url\":\"https:\/\/hedone.pt\/wp-content\/uploads\/2023\/01\/Hedone_Logotipo_SemFundo-e1674658481593.png\",\"contentUrl\":\"https:\/\/hedone.pt\/wp-content\/uploads\/2023\/01\/Hedone_Logotipo_SemFundo-e1674658481593.png\",\"width\":1175,\"height\":869,\"caption\":\"Hedone\"},\"image\":{\"@id\":\"https:\/\/hedone.pt\/pt-pt\/#\/schema\/logo\/image\/\"},\"sameAs\":[\"https:\/\/www.facebook.com\/profile.php?id=61551012387703\",\"https:\/\/www.instagram.com\/hedone_properties\/\",\"https:\/\/api.whatsapp.com\/send\/?phone=351929061490&text&type=phone_number&app_absent=0\"]},{\"@type\":\"Person\",\"@id\":\"https:\/\/hedone.pt\/pt-pt\/#\/schema\/person\/3a63140506bb493902f2f4db82aaf387\",\"name\":\"Hedone\",\"image\":{\"@type\":\"ImageObject\",\"inLanguage\":\"pt-PT\",\"@id\":\"https:\/\/hedone.pt\/pt-pt\/#\/schema\/person\/image\/\",\"url\":\"https:\/\/secure.gravatar.com\/avatar\/418f74acd1f1514b31d4d2a99f5fa546f89775d2ac0f931151cb25a8986b8942?s=96&d=mm&r=g\",\"contentUrl\":\"https:\/\/secure.gravatar.com\/avatar\/418f74acd1f1514b31d4d2a99f5fa546f89775d2ac0f931151cb25a8986b8942?s=96&d=mm&r=g\",\"caption\":\"Hedone\"},\"url\":\"https:\/\/hedone.pt\/pt-pt\/author\/hedone-adm\/\"}]}<\/script>\n<!-- \/ Yoast SEO plugin. -->","yoast_head_json":{"title":"Conciliar Trabalho e descanso durante o Web Summit (de 13 a 16 de novembro)! - Hedone","description":"Web Summit Lisboa - Est\u00e1 no tempo de fazer a sua reserva de alojamento. Conciliar Trabalho e descanso durante o Web Summit (de 13 a 16 de novembro)!","robots":{"index":"index","follow":"follow","max-snippet":"max-snippet:-1","max-image-preview":"max-image-preview:large","max-video-preview":"max-video-preview:-1"},"canonical":"https:\/\/hedone.pt\/pt-pt\/conciliar-trabalho-e-descanso-durante-o-web-summit-de-13-11-a-16-11\/","og_locale":"pt_PT","og_type":"article","og_title":"Conciliar Trabalho e descanso durante o Web Summit (de 13 a 16 de novembro)! - Hedone","og_description":"Web Summit Lisboa - Est\u00e1 no tempo de fazer a sua reserva de alojamento. Conciliar Trabalho e descanso durante o Web Summit (de 13 a 16 de novembro)!","og_url":"https:\/\/hedone.pt\/pt-pt\/conciliar-trabalho-e-descanso-durante-o-web-summit-de-13-11-a-16-11\/","og_site_name":"Hedone","article_publisher":"https:\/\/www.facebook.com\/profile.php?id=61551012387703","article_published_time":"2023-10-12T10:51:17+00:00","article_modified_time":"2023-10-12T11:23:39+00:00","og_image":[{"width":1546,"height":803,"url":"https:\/\/hedone.pt\/wp-content\/uploads\/2023\/10\/Hedone.jpg","type":"image\/jpeg"}],"author":"Hedone","twitter_card":"summary_large_image","twitter_misc":{"Escrito por":"Hedone","Tempo estimado de leitura":"3 minutos"},"schema":{"@context":"https:\/\/schema.org","@graph":[{"@type":"Article","@id":"https:\/\/hedone.pt\/pt-pt\/conciliar-trabalho-e-descanso-durante-o-web-summit-de-13-11-a-16-11\/#article","isPartOf":{"@id":"https:\/\/hedone.pt\/pt-pt\/conciliar-trabalho-e-descanso-durante-o-web-summit-de-13-11-a-16-11\/"},"author":{"name":"Hedone","@id":"https:\/\/hedone.pt\/pt-pt\/#\/schema\/person\/3a63140506bb493902f2f4db82aaf387"},"headline":"Conciliar Trabalho e descanso durante o Web Summit (de 13 a 16 de novembro)!","datePublished":"2023-10-12T10:51:17+00:00","dateModified":"2023-10-12T11:23:39+00:00","mainEntityOfPage":{"@id":"https:\/\/hedone.pt\/pt-pt\/conciliar-trabalho-e-descanso-durante-o-web-summit-de-13-11-a-16-11\/"},"wordCount":515,"publisher":{"@id":"https:\/\/hedone.pt\/pt-pt\/#organization"},"image":{"@id":"https:\/\/hedone.pt\/pt-pt\/conciliar-trabalho-e-descanso-durante-o-web-summit-de-13-11-a-16-11\/#primaryimage"},"thumbnailUrl":"https:\/\/hedone.pt\/wp-content\/uploads\/2023\/10\/Hedone.jpg","keywords":["web summit","web summit alojamento","web summit lisboa"],"articleSection":["Lifestyle"],"inLanguage":"pt-PT"},{"@type":"WebPage","@id":"https:\/\/hedone.pt\/pt-pt\/conciliar-trabalho-e-descanso-durante-o-web-summit-de-13-11-a-16-11\/","url":"https:\/\/hedone.pt\/pt-pt\/conciliar-trabalho-e-descanso-durante-o-web-summit-de-13-11-a-16-11\/","name":"Conciliar Trabalho e descanso durante o Web Summit (de 13 a 16 de novembro)! - Hedone","isPartOf":{"@id":"https:\/\/hedone.pt\/pt-pt\/#website"},"primaryImageOfPage":{"@id":"https:\/\/hedone.pt\/pt-pt\/conciliar-trabalho-e-descanso-durante-o-web-summit-de-13-11-a-16-11\/#primaryimage"},"image":{"@id":"https:\/\/hedone.pt\/pt-pt\/conciliar-trabalho-e-descanso-durante-o-web-summit-de-13-11-a-16-11\/#primaryimage"},"thumbnailUrl":"https:\/\/hedone.pt\/wp-content\/uploads\/2023\/10\/Hedone.jpg","datePublished":"2023-10-12T10:51:17+00:00","dateModified":"2023-10-12T11:23:39+00:00","description":"Web Summit Lisboa - Est\u00e1 no tempo de fazer a sua reserva de alojamento. Conciliar Trabalho e descanso durante o Web Summit (de 13 a 16 de novembro)!","breadcrumb":{"@id":"https:\/\/hedone.pt\/pt-pt\/conciliar-trabalho-e-descanso-durante-o-web-summit-de-13-11-a-16-11\/#breadcrumb"},"inLanguage":"pt-PT","potentialAction":[{"@type":"ReadAction","target":["https:\/\/hedone.pt\/pt-pt\/conciliar-trabalho-e-descanso-durante-o-web-summit-de-13-11-a-16-11\/"]}]},{"@type":"ImageObject","inLanguage":"pt-PT","@id":"https:\/\/hedone.pt\/pt-pt\/conciliar-trabalho-e-descanso-durante-o-web-summit-de-13-11-a-16-11\/#primaryimage","url":"https:\/\/hedone.pt\/wp-content\/uploads\/2023\/10\/Hedone.jpg","contentUrl":"https:\/\/hedone.pt\/wp-content\/uploads\/2023\/10\/Hedone.jpg","width":1546,"height":803},{"@type":"BreadcrumbList","@id":"https:\/\/hedone.pt\/pt-pt\/conciliar-trabalho-e-descanso-durante-o-web-summit-de-13-11-a-16-11\/#breadcrumb","itemListElement":[{"@type":"ListItem","position":1,"name":"Home","item":"https:\/\/hedone.pt\/pt-pt\/"},{"@type":"ListItem","position":2,"name":"Conciliar Trabalho e descanso durante o Web Summit (de 13 a 16 de novembro)!"}]},{"@type":"WebSite","@id":"https:\/\/hedone.pt\/pt-pt\/#website","url":"https:\/\/hedone.pt\/pt-pt\/","name":"Hedone","description":"Go everywhere but start here","publisher":{"@id":"https:\/\/hedone.pt\/pt-pt\/#organization"},"potentialAction":[{"@type":"SearchAction","target":{"@type":"EntryPoint","urlTemplate":"https:\/\/hedone.pt\/pt-pt\/?s={search_term_string}"},"query-input":{"@type":"PropertyValueSpecification","valueRequired":true,"valueName":"search_term_string"}}],"inLanguage":"pt-PT"},{"@type":"Organization","@id":"https:\/\/hedone.pt\/pt-pt\/#organization","name":"Hedone","url":"https:\/\/hedone.pt\/pt-pt\/","logo":{"@type":"ImageObject","inLanguage":"pt-PT","@id":"https:\/\/hedone.pt\/pt-pt\/#\/schema\/logo\/image\/","url":"https:\/\/hedone.pt\/wp-content\/uploads\/2023\/01\/Hedone_Logotipo_SemFundo-e1674658481593.png","contentUrl":"https:\/\/hedone.pt\/wp-content\/uploads\/2023\/01\/Hedone_Logotipo_SemFundo-e1674658481593.png","width":1175,"height":869,"caption":"Hedone"},"image":{"@id":"https:\/\/hedone.pt\/pt-pt\/#\/schema\/logo\/image\/"},"sameAs":["https:\/\/www.facebook.com\/profile.php?id=61551012387703","https:\/\/www.instagram.com\/hedone_properties\/","https:\/\/api.whatsapp.com\/send\/?phone=351929061490&text&type=phone_number&app_absent=0"]},{"@type":"Person","@id":"https:\/\/hedone.pt\/pt-pt\/#\/schema\/person\/3a63140506bb493902f2f4db82aaf387","name":"Hedone","image":{"@type":"ImageObject","inLanguage":"pt-PT","@id":"https:\/\/hedone.pt\/pt-pt\/#\/schema\/person\/image\/","url":"https:\/\/secure.gravatar.com\/avatar\/418f74acd1f1514b31d4d2a99f5fa546f89775d2ac0f931151cb25a8986b8942?s=96&d=mm&r=g","contentUrl":"https:\/\/secure.gravatar.com\/avatar\/418f74acd1f1514b31d4d2a99f5fa546f89775d2ac0f931151cb25a8986b8942?s=96&d=mm&r=g","caption":"Hedone"},"url":"https:\/\/hedone.pt\/pt-pt\/author\/hedone-adm\/"}]}},"_links":{"self":[{"href":"https:\/\/hedone.pt\/pt-pt\/wp-json\/wp\/v2\/posts\/2204","targetHints":{"allow":["GET"]}}],"collection":[{"href":"https:\/\/hedone.pt\/pt-pt\/wp-json\/wp\/v2\/posts"}],"about":[{"href":"https:\/\/hedone.pt\/pt-pt\/wp-json\/wp\/v2\/types\/post"}],"author":[{"embeddable":true,"href":"https:\/\/hedone.pt\/pt-pt\/wp-json\/wp\/v2\/users\/3"}],"replies":[{"embeddable":true,"href":"https:\/\/hedone.pt\/pt-pt\/wp-json\/wp\/v2\/comments?post=2204"}],"version-history":[{"count":5,"href":"https:\/\/hedone.pt\/pt-pt\/wp-json\/wp\/v2\/posts\/2204\/revisions"}],"predecessor-version":[{"id":2225,"href":"https:\/\/hedone.pt\/pt-pt\/wp-json\/wp\/v2\/posts\/2204\/revisions\/2225"}],"wp:featuredmedia":[{"embeddable":true,"href":"https:\/\/hedone.pt\/pt-pt\/wp-json\/wp\/v2\/media\/2200"}],"wp:attachment":[{"href":"https:\/\/hedone.pt\/pt-pt\/wp-json\/wp\/v2\/media?parent=2204"}],"wp:term":[{"taxonomy":"category","embeddable":true,"href":"https:\/\/hedone.pt\/pt-pt\/wp-json\/wp\/v2\/categories?post=2204"},{"taxonomy":"post_tag","embeddable":true,"href":"https:\/\/hedone.pt\/pt-pt\/wp-json\/wp\/v2\/tags?post=2204"}],"curies":[{"name":"wp","href":"https:\/\/api.w.org\/{rel}","templated":true}]}}