{"id":2766,"date":"2024-06-09T17:30:26","date_gmt":"2024-06-09T17:30:26","guid":{"rendered":"https:\/\/hedone.pt\/a-deslumbrante-praia-da-comporta\/"},"modified":"2025-04-18T22:44:10","modified_gmt":"2025-04-18T22:44:10","slug":"a-deslumbrante-praia-da-comporta","status":"publish","type":"post","link":"https:\/\/hedone.pt\/pt-pt\/a-deslumbrante-praia-da-comporta\/","title":{"rendered":"A deslumbrante praia da Comporta"},"content":{"rendered":"<p>[et_pb_section fb_built=&#8221;1&#8243; _builder_version=&#8221;4.21.0&#8243; _module_preset=&#8221;default&#8221; background_color=&#8221;#260B0B&#8221; custom_margin=&#8221;||-50px||false|false&#8221; custom_padding=&#8221;||||false|false&#8221; global_colors_info=&#8221;{}&#8221; theme_builder_area=&#8221;post_content&#8221;][et_pb_row _builder_version=&#8221;4.19.4&#8243; _module_preset=&#8221;default&#8221; global_colors_info=&#8221;{}&#8221; theme_builder_area=&#8221;post_content&#8221;][et_pb_column type=&#8221;4_4&#8243; _builder_version=&#8221;4.19.4&#8243; _module_preset=&#8221;default&#8221; global_colors_info=&#8221;{}&#8221; theme_builder_area=&#8221;post_content&#8221;][et_pb_post_title meta=&#8221;off&#8221; featured_image=&#8221;off&#8221; _builder_version=&#8221;4.19.4&#8243; _module_preset=&#8221;default&#8221; title_font=&#8221;|800|||||||&#8221; title_font_size=&#8221;36px&#8221; background_color=&#8221;RGBA(255,255,255,0)&#8221; global_colors_info=&#8221;{}&#8221; theme_builder_area=&#8221;post_content&#8221;][\/et_pb_post_title][et_pb_text _builder_version=&#8221;4.21.0&#8243; _module_preset=&#8221;default&#8221; hover_enabled=&#8221;0&#8243; global_colors_info=&#8221;{}&#8221; theme_builder_area=&#8221;post_content&#8221; sticky_enabled=&#8221;0&#8243;]<\/p>\n<p>As temperaturas est\u00e3o a subir rapidamente em Portugal e o ver\u00e3o est\u00e1 mesmo ao virar da esquina! Em Portugal, o ver\u00e3o \u00e9 sin\u00f3nimo de praia, e n\u00e3o faltam destinos de praia deslumbrantes para escolher, desde o Norte at\u00e9 ao Algarve. Hoje queremos sugerir uma das praias mais bonitas e convenientes para ir a apenas uma hora a sul de Lisboa: a Praia da Comporta.<\/p>\n<p>A Praia da Comporta, localizada na pitoresca costa oeste de Portugal, \u00e9 uma joia escondida conhecida pela sua beleza natural intocada e atmosfera tranquila. Esta praia \u00e9 caracterizada por longas extens\u00f5es de areia branca e \u00e1guas azuis l\u00edmpidas, tornando-a num local id\u00edlico para relaxamento e recrea\u00e7\u00e3o.<\/p>\n<p>Rodeada por dunas naturais e pinhais luxuriantes, a Praia da Comporta oferece uma sensa\u00e7\u00e3o de isolamento e paz, perfeita para quem procura fugir \u00e0 az\u00e1fama da vida citadina. O ambiente sereno \u00e9 ideal para apanhar banhos de sol, nadar e apreciar as ondas suaves. Para os mais aventureiros, a praia oferece excelentes condi\u00e7\u00f5es para a pr\u00e1tica de surf, kitesurf e paddleboarding.<\/p>\n<p>De um modo geral, a Praia da Comporta \u00e9 um destino excecional que combina beleza natural, tranquilidade e uma rica experi\u00eancia cultural, tornando-a um ref\u00fagio perfeito para quem procura relaxamento e aventura num cen\u00e1rio costeiro deslumbrante.<\/p>\n<p>Desfrute de alguns dias, ou de algumas semanas na Comporta, ou fique na <span><a href=\"https:\/\/hedone.pt\/pt-pt\/hedone-troia\/\">propriedade Hedone no Troia Resort<\/a><\/span>, apenas a 15 minutos de carro. <\/p>\n<p>Hedone is Home.<\/p>\n<p>[\/et_pb_text][\/et_pb_column][\/et_pb_row][\/et_pb_section]<\/p>\n","protected":false},"excerpt":{"rendered":"<p>A deslumbrante praia da Comporta As temperaturas est\u00e3o a subir rapidamente em Portugal e o ver\u00e3o est\u00e1 mesmo ao virar da esquina! Em Portugal, o ver\u00e3o \u00e9 sin\u00f3nimo de praia.<\/p>\n","protected":false},"author":3,"featured_media":2758,"comment_status":"closed","ping_status":"open","sticky":false,"template":"","format":"standard","meta":{"_et_pb_use_builder":"on","_et_pb_old_content":"","_et_gb_content_width":"","footnotes":""},"categories":[28],"tags":[197,204,198],"class_list":["post-2766","post","type-post","status-publish","format-standard","has-post-thumbnail","hentry","category-lifestyle-pt-pt","tag-comporta-pt-pt","tag-praia","tag-visite-comporta"],"yoast_head":"<!-- This site is optimized with the Yoast SEO plugin v26.2 - https:\/\/yoast.com\/wordpress\/plugins\/seo\/ -->\n<title>A deslumbrante praia da Comporta - Hedone<\/title>\n<meta name=\"description\" content=\"As temperaturas est\u00e3o a subir rapidamente em Portugal e o ver\u00e3o est\u00e1 mesmo ao virar da esquina! Em Portugal, o ver\u00e3o \u00e9 sin\u00f3nimo de praia.\" \/>\n<meta name=\"robots\" content=\"index, follow, max-snippet:-1, max-image-preview:large, max-video-preview:-1\" \/>\n<link rel=\"canonical\" href=\"https:\/\/hedone.pt\/pt-pt\/a-deslumbrante-praia-da-comporta\/\" \/>\n<meta property=\"og:locale\" content=\"pt_PT\" \/>\n<meta property=\"og:type\" content=\"article\" \/>\n<meta property=\"og:title\" content=\"A deslumbrante praia da Comporta - Hedone\" \/>\n<meta property=\"og:description\" content=\"As temperaturas est\u00e3o a subir rapidamente em Portugal e o ver\u00e3o est\u00e1 mesmo ao virar da esquina! Em Portugal, o ver\u00e3o \u00e9 sin\u00f3nimo de praia.\" \/>\n<meta property=\"og:url\" content=\"https:\/\/hedone.pt\/pt-pt\/a-deslumbrante-praia-da-comporta\/\" \/>\n<meta property=\"og:site_name\" content=\"Hedone\" \/>\n<meta property=\"article:publisher\" content=\"https:\/\/www.facebook.com\/profile.php?id=61551012387703\" \/>\n<meta property=\"article:published_time\" content=\"2024-06-09T17:30:26+00:00\" \/>\n<meta property=\"article:modified_time\" content=\"2025-04-18T22:44:10+00:00\" \/>\n<meta property=\"og:image\" content=\"https:\/\/hedone.pt\/wp-content\/uploads\/2024\/06\/Comporta.webp\" \/>\n\t<meta property=\"og:image:width\" content=\"1200\" \/>\n\t<meta property=\"og:image:height\" content=\"627\" \/>\n\t<meta property=\"og:image:type\" content=\"image\/webp\" \/>\n<meta name=\"author\" content=\"Hedone\" \/>\n<meta name=\"twitter:card\" content=\"summary_large_image\" \/>\n<meta name=\"twitter:label1\" content=\"Escrito por\" \/>\n\t<meta name=\"twitter:data1\" content=\"Hedone\" \/>\n\t<meta name=\"twitter:label2\" content=\"Tempo estimado de leitura\" \/>\n\t<meta name=\"twitter:data2\" content=\"2 minutos\" \/>\n<script type=\"application\/ld+json\" class=\"yoast-schema-graph\">{\"@context\":\"https:\/\/schema.org\",\"@graph\":[{\"@type\":\"Article\",\"@id\":\"https:\/\/hedone.pt\/pt-pt\/a-deslumbrante-praia-da-comporta\/#article\",\"isPartOf\":{\"@id\":\"https:\/\/hedone.pt\/pt-pt\/a-deslumbrante-praia-da-comporta\/\"},\"author\":{\"name\":\"Hedone\",\"@id\":\"https:\/\/hedone.pt\/pt-pt\/#\/schema\/person\/3a63140506bb493902f2f4db82aaf387\"},\"headline\":\"A deslumbrante praia da Comporta\",\"datePublished\":\"2024-06-09T17:30:26+00:00\",\"dateModified\":\"2025-04-18T22:44:10+00:00\",\"mainEntityOfPage\":{\"@id\":\"https:\/\/hedone.pt\/pt-pt\/a-deslumbrante-praia-da-comporta\/\"},\"wordCount\":380,\"publisher\":{\"@id\":\"https:\/\/hedone.pt\/pt-pt\/#organization\"},\"image\":{\"@id\":\"https:\/\/hedone.pt\/pt-pt\/a-deslumbrante-praia-da-comporta\/#primaryimage\"},\"thumbnailUrl\":\"https:\/\/hedone.pt\/wp-content\/uploads\/2024\/06\/Comporta.webp\",\"keywords\":[\"Comporta\",\"Praia\",\"Visite comporta\"],\"articleSection\":[\"Lifestyle\"],\"inLanguage\":\"pt-PT\"},{\"@type\":\"WebPage\",\"@id\":\"https:\/\/hedone.pt\/pt-pt\/a-deslumbrante-praia-da-comporta\/\",\"url\":\"https:\/\/hedone.pt\/pt-pt\/a-deslumbrante-praia-da-comporta\/\",\"name\":\"A deslumbrante praia da Comporta - Hedone\",\"isPartOf\":{\"@id\":\"https:\/\/hedone.pt\/pt-pt\/#website\"},\"primaryImageOfPage\":{\"@id\":\"https:\/\/hedone.pt\/pt-pt\/a-deslumbrante-praia-da-comporta\/#primaryimage\"},\"image\":{\"@id\":\"https:\/\/hedone.pt\/pt-pt\/a-deslumbrante-praia-da-comporta\/#primaryimage\"},\"thumbnailUrl\":\"https:\/\/hedone.pt\/wp-content\/uploads\/2024\/06\/Comporta.webp\",\"datePublished\":\"2024-06-09T17:30:26+00:00\",\"dateModified\":\"2025-04-18T22:44:10+00:00\",\"description\":\"As temperaturas est\u00e3o a subir rapidamente em Portugal e o ver\u00e3o est\u00e1 mesmo ao virar da esquina! Em Portugal, o ver\u00e3o \u00e9 sin\u00f3nimo de praia.\",\"breadcrumb\":{\"@id\":\"https:\/\/hedone.pt\/pt-pt\/a-deslumbrante-praia-da-comporta\/#breadcrumb\"},\"inLanguage\":\"pt-PT\",\"potentialAction\":[{\"@type\":\"ReadAction\",\"target\":[\"https:\/\/hedone.pt\/pt-pt\/a-deslumbrante-praia-da-comporta\/\"]}]},{\"@type\":\"ImageObject\",\"inLanguage\":\"pt-PT\",\"@id\":\"https:\/\/hedone.pt\/pt-pt\/a-deslumbrante-praia-da-comporta\/#primaryimage\",\"url\":\"https:\/\/hedone.pt\/wp-content\/uploads\/2024\/06\/Comporta.webp\",\"contentUrl\":\"https:\/\/hedone.pt\/wp-content\/uploads\/2024\/06\/Comporta.webp\",\"width\":1200,\"height\":627,\"caption\":\"Comporta Beach\"},{\"@type\":\"BreadcrumbList\",\"@id\":\"https:\/\/hedone.pt\/pt-pt\/a-deslumbrante-praia-da-comporta\/#breadcrumb\",\"itemListElement\":[{\"@type\":\"ListItem\",\"position\":1,\"name\":\"Home\",\"item\":\"https:\/\/hedone.pt\/pt-pt\/\"},{\"@type\":\"ListItem\",\"position\":2,\"name\":\"A deslumbrante praia da Comporta\"}]},{\"@type\":\"WebSite\",\"@id\":\"https:\/\/hedone.pt\/pt-pt\/#website\",\"url\":\"https:\/\/hedone.pt\/pt-pt\/\",\"name\":\"Hedone\",\"description\":\"Go everywhere but start here\",\"publisher\":{\"@id\":\"https:\/\/hedone.pt\/pt-pt\/#organization\"},\"potentialAction\":[{\"@type\":\"SearchAction\",\"target\":{\"@type\":\"EntryPoint\",\"urlTemplate\":\"https:\/\/hedone.pt\/pt-pt\/?s={search_term_string}\"},\"query-input\":{\"@type\":\"PropertyValueSpecification\",\"valueRequired\":true,\"valueName\":\"search_term_string\"}}],\"inLanguage\":\"pt-PT\"},{\"@type\":\"Organization\",\"@id\":\"https:\/\/hedone.pt\/pt-pt\/#organization\",\"name\":\"Hedone\",\"url\":\"https:\/\/hedone.pt\/pt-pt\/\",\"logo\":{\"@type\":\"ImageObject\",\"inLanguage\":\"pt-PT\",\"@id\":\"https:\/\/hedone.pt\/pt-pt\/#\/schema\/logo\/image\/\",\"url\":\"https:\/\/hedone.pt\/wp-content\/uploads\/2023\/01\/Hedone_Logotipo_SemFundo-e1674658481593.png\",\"contentUrl\":\"https:\/\/hedone.pt\/wp-content\/uploads\/2023\/01\/Hedone_Logotipo_SemFundo-e1674658481593.png\",\"width\":1175,\"height\":869,\"caption\":\"Hedone\"},\"image\":{\"@id\":\"https:\/\/hedone.pt\/pt-pt\/#\/schema\/logo\/image\/\"},\"sameAs\":[\"https:\/\/www.facebook.com\/profile.php?id=61551012387703\",\"https:\/\/www.instagram.com\/hedone_properties\/\",\"https:\/\/api.whatsapp.com\/send\/?phone=351929061490&text&type=phone_number&app_absent=0\"]},{\"@type\":\"Person\",\"@id\":\"https:\/\/hedone.pt\/pt-pt\/#\/schema\/person\/3a63140506bb493902f2f4db82aaf387\",\"name\":\"Hedone\",\"image\":{\"@type\":\"ImageObject\",\"inLanguage\":\"pt-PT\",\"@id\":\"https:\/\/hedone.pt\/pt-pt\/#\/schema\/person\/image\/\",\"url\":\"https:\/\/secure.gravatar.com\/avatar\/418f74acd1f1514b31d4d2a99f5fa546f89775d2ac0f931151cb25a8986b8942?s=96&d=mm&r=g\",\"contentUrl\":\"https:\/\/secure.gravatar.com\/avatar\/418f74acd1f1514b31d4d2a99f5fa546f89775d2ac0f931151cb25a8986b8942?s=96&d=mm&r=g\",\"caption\":\"Hedone\"},\"url\":\"https:\/\/hedone.pt\/pt-pt\/author\/hedone-adm\/\"}]}<\/script>\n<!-- \/ Yoast SEO plugin. -->","yoast_head_json":{"title":"A deslumbrante praia da Comporta - Hedone","description":"As temperaturas est\u00e3o a subir rapidamente em Portugal e o ver\u00e3o est\u00e1 mesmo ao virar da esquina! Em Portugal, o ver\u00e3o \u00e9 sin\u00f3nimo de praia.","robots":{"index":"index","follow":"follow","max-snippet":"max-snippet:-1","max-image-preview":"max-image-preview:large","max-video-preview":"max-video-preview:-1"},"canonical":"https:\/\/hedone.pt\/pt-pt\/a-deslumbrante-praia-da-comporta\/","og_locale":"pt_PT","og_type":"article","og_title":"A deslumbrante praia da Comporta - Hedone","og_description":"As temperaturas est\u00e3o a subir rapidamente em Portugal e o ver\u00e3o est\u00e1 mesmo ao virar da esquina! Em Portugal, o ver\u00e3o \u00e9 sin\u00f3nimo de praia.","og_url":"https:\/\/hedone.pt\/pt-pt\/a-deslumbrante-praia-da-comporta\/","og_site_name":"Hedone","article_publisher":"https:\/\/www.facebook.com\/profile.php?id=61551012387703","article_published_time":"2024-06-09T17:30:26+00:00","article_modified_time":"2025-04-18T22:44:10+00:00","og_image":[{"width":1200,"height":627,"url":"https:\/\/hedone.pt\/wp-content\/uploads\/2024\/06\/Comporta.webp","type":"image\/webp"}],"author":"Hedone","twitter_card":"summary_large_image","twitter_misc":{"Escrito por":"Hedone","Tempo estimado de leitura":"2 minutos"},"schema":{"@context":"https:\/\/schema.org","@graph":[{"@type":"Article","@id":"https:\/\/hedone.pt\/pt-pt\/a-deslumbrante-praia-da-comporta\/#article","isPartOf":{"@id":"https:\/\/hedone.pt\/pt-pt\/a-deslumbrante-praia-da-comporta\/"},"author":{"name":"Hedone","@id":"https:\/\/hedone.pt\/pt-pt\/#\/schema\/person\/3a63140506bb493902f2f4db82aaf387"},"headline":"A deslumbrante praia da Comporta","datePublished":"2024-06-09T17:30:26+00:00","dateModified":"2025-04-18T22:44:10+00:00","mainEntityOfPage":{"@id":"https:\/\/hedone.pt\/pt-pt\/a-deslumbrante-praia-da-comporta\/"},"wordCount":380,"publisher":{"@id":"https:\/\/hedone.pt\/pt-pt\/#organization"},"image":{"@id":"https:\/\/hedone.pt\/pt-pt\/a-deslumbrante-praia-da-comporta\/#primaryimage"},"thumbnailUrl":"https:\/\/hedone.pt\/wp-content\/uploads\/2024\/06\/Comporta.webp","keywords":["Comporta","Praia","Visite comporta"],"articleSection":["Lifestyle"],"inLanguage":"pt-PT"},{"@type":"WebPage","@id":"https:\/\/hedone.pt\/pt-pt\/a-deslumbrante-praia-da-comporta\/","url":"https:\/\/hedone.pt\/pt-pt\/a-deslumbrante-praia-da-comporta\/","name":"A deslumbrante praia da Comporta - Hedone","isPartOf":{"@id":"https:\/\/hedone.pt\/pt-pt\/#website"},"primaryImageOfPage":{"@id":"https:\/\/hedone.pt\/pt-pt\/a-deslumbrante-praia-da-comporta\/#primaryimage"},"image":{"@id":"https:\/\/hedone.pt\/pt-pt\/a-deslumbrante-praia-da-comporta\/#primaryimage"},"thumbnailUrl":"https:\/\/hedone.pt\/wp-content\/uploads\/2024\/06\/Comporta.webp","datePublished":"2024-06-09T17:30:26+00:00","dateModified":"2025-04-18T22:44:10+00:00","description":"As temperaturas est\u00e3o a subir rapidamente em Portugal e o ver\u00e3o est\u00e1 mesmo ao virar da esquina! Em Portugal, o ver\u00e3o \u00e9 sin\u00f3nimo de praia.","breadcrumb":{"@id":"https:\/\/hedone.pt\/pt-pt\/a-deslumbrante-praia-da-comporta\/#breadcrumb"},"inLanguage":"pt-PT","potentialAction":[{"@type":"ReadAction","target":["https:\/\/hedone.pt\/pt-pt\/a-deslumbrante-praia-da-comporta\/"]}]},{"@type":"ImageObject","inLanguage":"pt-PT","@id":"https:\/\/hedone.pt\/pt-pt\/a-deslumbrante-praia-da-comporta\/#primaryimage","url":"https:\/\/hedone.pt\/wp-content\/uploads\/2024\/06\/Comporta.webp","contentUrl":"https:\/\/hedone.pt\/wp-content\/uploads\/2024\/06\/Comporta.webp","width":1200,"height":627,"caption":"Comporta Beach"},{"@type":"BreadcrumbList","@id":"https:\/\/hedone.pt\/pt-pt\/a-deslumbrante-praia-da-comporta\/#breadcrumb","itemListElement":[{"@type":"ListItem","position":1,"name":"Home","item":"https:\/\/hedone.pt\/pt-pt\/"},{"@type":"ListItem","position":2,"name":"A deslumbrante praia da Comporta"}]},{"@type":"WebSite","@id":"https:\/\/hedone.pt\/pt-pt\/#website","url":"https:\/\/hedone.pt\/pt-pt\/","name":"Hedone","description":"Go everywhere but start here","publisher":{"@id":"https:\/\/hedone.pt\/pt-pt\/#organization"},"potentialAction":[{"@type":"SearchAction","target":{"@type":"EntryPoint","urlTemplate":"https:\/\/hedone.pt\/pt-pt\/?s={search_term_string}"},"query-input":{"@type":"PropertyValueSpecification","valueRequired":true,"valueName":"search_term_string"}}],"inLanguage":"pt-PT"},{"@type":"Organization","@id":"https:\/\/hedone.pt\/pt-pt\/#organization","name":"Hedone","url":"https:\/\/hedone.pt\/pt-pt\/","logo":{"@type":"ImageObject","inLanguage":"pt-PT","@id":"https:\/\/hedone.pt\/pt-pt\/#\/schema\/logo\/image\/","url":"https:\/\/hedone.pt\/wp-content\/uploads\/2023\/01\/Hedone_Logotipo_SemFundo-e1674658481593.png","contentUrl":"https:\/\/hedone.pt\/wp-content\/uploads\/2023\/01\/Hedone_Logotipo_SemFundo-e1674658481593.png","width":1175,"height":869,"caption":"Hedone"},"image":{"@id":"https:\/\/hedone.pt\/pt-pt\/#\/schema\/logo\/image\/"},"sameAs":["https:\/\/www.facebook.com\/profile.php?id=61551012387703","https:\/\/www.instagram.com\/hedone_properties\/","https:\/\/api.whatsapp.com\/send\/?phone=351929061490&text&type=phone_number&app_absent=0"]},{"@type":"Person","@id":"https:\/\/hedone.pt\/pt-pt\/#\/schema\/person\/3a63140506bb493902f2f4db82aaf387","name":"Hedone","image":{"@type":"ImageObject","inLanguage":"pt-PT","@id":"https:\/\/hedone.pt\/pt-pt\/#\/schema\/person\/image\/","url":"https:\/\/secure.gravatar.com\/avatar\/418f74acd1f1514b31d4d2a99f5fa546f89775d2ac0f931151cb25a8986b8942?s=96&d=mm&r=g","contentUrl":"https:\/\/secure.gravatar.com\/avatar\/418f74acd1f1514b31d4d2a99f5fa546f89775d2ac0f931151cb25a8986b8942?s=96&d=mm&r=g","caption":"Hedone"},"url":"https:\/\/hedone.pt\/pt-pt\/author\/hedone-adm\/"}]}},"_links":{"self":[{"href":"https:\/\/hedone.pt\/pt-pt\/wp-json\/wp\/v2\/posts\/2766","targetHints":{"allow":["GET"]}}],"collection":[{"href":"https:\/\/hedone.pt\/pt-pt\/wp-json\/wp\/v2\/posts"}],"about":[{"href":"https:\/\/hedone.pt\/pt-pt\/wp-json\/wp\/v2\/types\/post"}],"author":[{"embeddable":true,"href":"https:\/\/hedone.pt\/pt-pt\/wp-json\/wp\/v2\/users\/3"}],"replies":[{"embeddable":true,"href":"https:\/\/hedone.pt\/pt-pt\/wp-json\/wp\/v2\/comments?post=2766"}],"version-history":[{"count":16,"href":"https:\/\/hedone.pt\/pt-pt\/wp-json\/wp\/v2\/posts\/2766\/revisions"}],"predecessor-version":[{"id":3278,"href":"https:\/\/hedone.pt\/pt-pt\/wp-json\/wp\/v2\/posts\/2766\/revisions\/3278"}],"wp:featuredmedia":[{"embeddable":true,"href":"https:\/\/hedone.pt\/pt-pt\/wp-json\/wp\/v2\/media\/2758"}],"wp:attachment":[{"href":"https:\/\/hedone.pt\/pt-pt\/wp-json\/wp\/v2\/media?parent=2766"}],"wp:term":[{"taxonomy":"category","embeddable":true,"href":"https:\/\/hedone.pt\/pt-pt\/wp-json\/wp\/v2\/categories?post=2766"},{"taxonomy":"post_tag","embeddable":true,"href":"https:\/\/hedone.pt\/pt-pt\/wp-json\/wp\/v2\/tags?post=2766"}],"curies":[{"name":"wp","href":"https:\/\/api.w.org\/{rel}","templated":true}]}}