{"id":2831,"date":"2024-06-22T20:23:32","date_gmt":"2024-06-22T20:23:32","guid":{"rendered":"https:\/\/hedone.pt\/portugal-o-festival-internacional-de-piano-do-oeste\/"},"modified":"2025-04-18T22:39:17","modified_gmt":"2025-04-18T22:39:17","slug":"portugal-o-festival-internacional-de-piano-do-oeste","status":"publish","type":"post","link":"https:\/\/hedone.pt\/pt-pt\/portugal-o-festival-internacional-de-piano-do-oeste\/","title":{"rendered":"Portugal: O Festival Internacional de Piano do Oeste"},"content":{"rendered":"<p>[et_pb_section fb_built=&#8221;1&#8243; _builder_version=&#8221;4.21.0&#8243; _module_preset=&#8221;default&#8221; background_color=&#8221;#260B0B&#8221; custom_margin=&#8221;||-50px||false|false&#8221; custom_padding=&#8221;||||false|false&#8221; global_colors_info=&#8221;{}&#8221; theme_builder_area=&#8221;post_content&#8221;][et_pb_row _builder_version=&#8221;4.19.4&#8243; _module_preset=&#8221;default&#8221; global_colors_info=&#8221;{}&#8221; theme_builder_area=&#8221;post_content&#8221;][et_pb_column type=&#8221;4_4&#8243; _builder_version=&#8221;4.19.4&#8243; _module_preset=&#8221;default&#8221; global_colors_info=&#8221;{}&#8221; theme_builder_area=&#8221;post_content&#8221;][et_pb_post_title meta=&#8221;off&#8221; featured_image=&#8221;off&#8221; _builder_version=&#8221;4.19.4&#8243; _module_preset=&#8221;default&#8221; title_font=&#8221;|800|||||||&#8221; title_font_size=&#8221;36px&#8221; background_color=&#8221;RGBA(255,255,255,0)&#8221; global_colors_info=&#8221;{}&#8221; theme_builder_area=&#8221;post_content&#8221;][\/et_pb_post_title][et_pb_text _builder_version=&#8221;4.21.0&#8243; _module_preset=&#8221;default&#8221; global_colors_info=&#8221;{}&#8221; theme_builder_area=&#8221;post_content&#8221;]<\/p>\n<p>O Festival Internacional de Piano do Oeste \u00e9 um evento de renome que re\u00fane pianistas, educadores e entusiastas de todo o mundo. Realizado anualmente na regi\u00e3o Oeste de Portugal, o festival apresenta uma s\u00e9rie de concertos, masterclasses e concursos. Os participantes t\u00eam a oportunidade de aprender e atuar com pianistas de renome, ganhando experi\u00eancia e exposi\u00e7\u00e3o valiosas.<\/p>\n<p>O festival \u00e9 celebrado n\u00e3o s\u00f3 pela sua oferta musical de alto n\u00edvel, mas tamb\u00e9m pelo seu papel na promo\u00e7\u00e3o do interc\u00e2mbio cultural e no apoio ao desenvolvimento de jovens m\u00fasicos. \u00c9 um evento importante no calend\u00e1rio internacional da m\u00fasica cl\u00e1ssica, atraindo participantes e p\u00fablico de todo o mundo.<\/p>\n<p>A edi\u00e7\u00e3o de 2024 tem in\u00edcio a 21 de junho e prolongar-se-\u00e1 durante um m\u00eas inteiro, at\u00e9 21 de julho. Pode consultar o programa completo aqui: <span><a href=\"https:\/\/pianobidos.org\/en\/program\/\">https:\/\/pianobidos.org\/en\/program\/<\/a><\/span> <\/p>\n<p>\u00d3bidos \u00e9 o epicentro do festival, onde se realizam a maioria dos concertos e outros eventos. Se gosta de m\u00fasica de piano, junte-se ao festival e fique na propriedade Hedone na vizinha Praia Del Rey.<\/p>\n<p>Hedone is Home.<\/p>\n<p>[\/et_pb_text][\/et_pb_column][\/et_pb_row][\/et_pb_section]<\/p>\n","protected":false},"excerpt":{"rendered":"<p>O Festival Internacional de Piano do Oeste \u00e9 um evento de renome que re\u00fane pianistas, educadores e entusiastas de todo o mundo. <\/p>\n","protected":false},"author":3,"featured_media":2825,"comment_status":"closed","ping_status":"open","sticky":false,"template":"","format":"standard","meta":{"_et_pb_use_builder":"on","_et_pb_old_content":"","_et_gb_content_width":"","footnotes":""},"categories":[28],"tags":[205,86],"class_list":["post-2831","post","type-post","status-publish","format-standard","has-post-thumbnail","hentry","category-lifestyle-pt-pt","tag-obidos-pt-pt-3","tag-visite-obidos"],"yoast_head":"<!-- This site is optimized with the Yoast SEO plugin v26.2 - https:\/\/yoast.com\/wordpress\/plugins\/seo\/ -->\n<title>Portugal: O Festival Internacional de Piano do Oeste - Hedone<\/title>\n<meta name=\"description\" content=\"O Festival Internacional de Piano do Oeste \u00e9 um evento de renome que re\u00fane pianistas, educadores e entusiastas de todo o mundo.\" \/>\n<meta name=\"robots\" content=\"index, follow, max-snippet:-1, max-image-preview:large, max-video-preview:-1\" \/>\n<link rel=\"canonical\" href=\"https:\/\/hedone.pt\/pt-pt\/portugal-o-festival-internacional-de-piano-do-oeste\/\" \/>\n<meta property=\"og:locale\" content=\"pt_PT\" \/>\n<meta property=\"og:type\" content=\"article\" \/>\n<meta property=\"og:title\" content=\"Portugal: O Festival Internacional de Piano do Oeste - Hedone\" \/>\n<meta property=\"og:description\" content=\"O Festival Internacional de Piano do Oeste \u00e9 um evento de renome que re\u00fane pianistas, educadores e entusiastas de todo o mundo.\" \/>\n<meta property=\"og:url\" content=\"https:\/\/hedone.pt\/pt-pt\/portugal-o-festival-internacional-de-piano-do-oeste\/\" \/>\n<meta property=\"og:site_name\" content=\"Hedone\" \/>\n<meta property=\"article:publisher\" content=\"https:\/\/www.facebook.com\/profile.php?id=61551012387703\" \/>\n<meta property=\"article:published_time\" content=\"2024-06-22T20:23:32+00:00\" \/>\n<meta property=\"article:modified_time\" content=\"2025-04-18T22:39:17+00:00\" \/>\n<meta property=\"og:image\" content=\"https:\/\/hedone.pt\/wp-content\/uploads\/2024\/06\/Oeste-festival-piano.webp\" \/>\n\t<meta property=\"og:image:width\" content=\"1200\" \/>\n\t<meta property=\"og:image:height\" content=\"627\" \/>\n\t<meta property=\"og:image:type\" content=\"image\/webp\" \/>\n<meta name=\"author\" content=\"Hedone\" \/>\n<meta name=\"twitter:card\" content=\"summary_large_image\" \/>\n<meta name=\"twitter:label1\" content=\"Escrito por\" \/>\n\t<meta name=\"twitter:data1\" content=\"Hedone\" \/>\n\t<meta name=\"twitter:label2\" content=\"Tempo estimado de leitura\" \/>\n\t<meta name=\"twitter:data2\" content=\"2 minutos\" \/>\n<script type=\"application\/ld+json\" class=\"yoast-schema-graph\">{\"@context\":\"https:\/\/schema.org\",\"@graph\":[{\"@type\":\"Article\",\"@id\":\"https:\/\/hedone.pt\/pt-pt\/portugal-o-festival-internacional-de-piano-do-oeste\/#article\",\"isPartOf\":{\"@id\":\"https:\/\/hedone.pt\/pt-pt\/portugal-o-festival-internacional-de-piano-do-oeste\/\"},\"author\":{\"name\":\"Hedone\",\"@id\":\"https:\/\/hedone.pt\/pt-pt\/#\/schema\/person\/3a63140506bb493902f2f4db82aaf387\"},\"headline\":\"Portugal: O Festival Internacional de Piano do Oeste\",\"datePublished\":\"2024-06-22T20:23:32+00:00\",\"dateModified\":\"2025-04-18T22:39:17+00:00\",\"mainEntityOfPage\":{\"@id\":\"https:\/\/hedone.pt\/pt-pt\/portugal-o-festival-internacional-de-piano-do-oeste\/\"},\"wordCount\":324,\"publisher\":{\"@id\":\"https:\/\/hedone.pt\/pt-pt\/#organization\"},\"image\":{\"@id\":\"https:\/\/hedone.pt\/pt-pt\/portugal-o-festival-internacional-de-piano-do-oeste\/#primaryimage\"},\"thumbnailUrl\":\"https:\/\/hedone.pt\/wp-content\/uploads\/2024\/06\/Oeste-festival-piano.webp\",\"keywords\":[\"\u00f3bidos\",\"visite obidos\"],\"articleSection\":[\"Lifestyle\"],\"inLanguage\":\"pt-PT\"},{\"@type\":\"WebPage\",\"@id\":\"https:\/\/hedone.pt\/pt-pt\/portugal-o-festival-internacional-de-piano-do-oeste\/\",\"url\":\"https:\/\/hedone.pt\/pt-pt\/portugal-o-festival-internacional-de-piano-do-oeste\/\",\"name\":\"Portugal: O Festival Internacional de Piano do Oeste - Hedone\",\"isPartOf\":{\"@id\":\"https:\/\/hedone.pt\/pt-pt\/#website\"},\"primaryImageOfPage\":{\"@id\":\"https:\/\/hedone.pt\/pt-pt\/portugal-o-festival-internacional-de-piano-do-oeste\/#primaryimage\"},\"image\":{\"@id\":\"https:\/\/hedone.pt\/pt-pt\/portugal-o-festival-internacional-de-piano-do-oeste\/#primaryimage\"},\"thumbnailUrl\":\"https:\/\/hedone.pt\/wp-content\/uploads\/2024\/06\/Oeste-festival-piano.webp\",\"datePublished\":\"2024-06-22T20:23:32+00:00\",\"dateModified\":\"2025-04-18T22:39:17+00:00\",\"description\":\"O Festival Internacional de Piano do Oeste \u00e9 um evento de renome que re\u00fane pianistas, educadores e entusiastas de todo o mundo.\",\"breadcrumb\":{\"@id\":\"https:\/\/hedone.pt\/pt-pt\/portugal-o-festival-internacional-de-piano-do-oeste\/#breadcrumb\"},\"inLanguage\":\"pt-PT\",\"potentialAction\":[{\"@type\":\"ReadAction\",\"target\":[\"https:\/\/hedone.pt\/pt-pt\/portugal-o-festival-internacional-de-piano-do-oeste\/\"]}]},{\"@type\":\"ImageObject\",\"inLanguage\":\"pt-PT\",\"@id\":\"https:\/\/hedone.pt\/pt-pt\/portugal-o-festival-internacional-de-piano-do-oeste\/#primaryimage\",\"url\":\"https:\/\/hedone.pt\/wp-content\/uploads\/2024\/06\/Oeste-festival-piano.webp\",\"contentUrl\":\"https:\/\/hedone.pt\/wp-content\/uploads\/2024\/06\/Oeste-festival-piano.webp\",\"width\":1200,\"height\":627,\"caption\":\"Oeste festival piano\"},{\"@type\":\"BreadcrumbList\",\"@id\":\"https:\/\/hedone.pt\/pt-pt\/portugal-o-festival-internacional-de-piano-do-oeste\/#breadcrumb\",\"itemListElement\":[{\"@type\":\"ListItem\",\"position\":1,\"name\":\"Home\",\"item\":\"https:\/\/hedone.pt\/pt-pt\/\"},{\"@type\":\"ListItem\",\"position\":2,\"name\":\"Portugal: O Festival Internacional de Piano do Oeste\"}]},{\"@type\":\"WebSite\",\"@id\":\"https:\/\/hedone.pt\/pt-pt\/#website\",\"url\":\"https:\/\/hedone.pt\/pt-pt\/\",\"name\":\"Hedone\",\"description\":\"Go everywhere but start here\",\"publisher\":{\"@id\":\"https:\/\/hedone.pt\/pt-pt\/#organization\"},\"potentialAction\":[{\"@type\":\"SearchAction\",\"target\":{\"@type\":\"EntryPoint\",\"urlTemplate\":\"https:\/\/hedone.pt\/pt-pt\/?s={search_term_string}\"},\"query-input\":{\"@type\":\"PropertyValueSpecification\",\"valueRequired\":true,\"valueName\":\"search_term_string\"}}],\"inLanguage\":\"pt-PT\"},{\"@type\":\"Organization\",\"@id\":\"https:\/\/hedone.pt\/pt-pt\/#organization\",\"name\":\"Hedone\",\"url\":\"https:\/\/hedone.pt\/pt-pt\/\",\"logo\":{\"@type\":\"ImageObject\",\"inLanguage\":\"pt-PT\",\"@id\":\"https:\/\/hedone.pt\/pt-pt\/#\/schema\/logo\/image\/\",\"url\":\"https:\/\/hedone.pt\/wp-content\/uploads\/2023\/01\/Hedone_Logotipo_SemFundo-e1674658481593.png\",\"contentUrl\":\"https:\/\/hedone.pt\/wp-content\/uploads\/2023\/01\/Hedone_Logotipo_SemFundo-e1674658481593.png\",\"width\":1175,\"height\":869,\"caption\":\"Hedone\"},\"image\":{\"@id\":\"https:\/\/hedone.pt\/pt-pt\/#\/schema\/logo\/image\/\"},\"sameAs\":[\"https:\/\/www.facebook.com\/profile.php?id=61551012387703\",\"https:\/\/www.instagram.com\/hedone_properties\/\",\"https:\/\/api.whatsapp.com\/send\/?phone=351929061490&text&type=phone_number&app_absent=0\"]},{\"@type\":\"Person\",\"@id\":\"https:\/\/hedone.pt\/pt-pt\/#\/schema\/person\/3a63140506bb493902f2f4db82aaf387\",\"name\":\"Hedone\",\"image\":{\"@type\":\"ImageObject\",\"inLanguage\":\"pt-PT\",\"@id\":\"https:\/\/hedone.pt\/pt-pt\/#\/schema\/person\/image\/\",\"url\":\"https:\/\/secure.gravatar.com\/avatar\/418f74acd1f1514b31d4d2a99f5fa546f89775d2ac0f931151cb25a8986b8942?s=96&d=mm&r=g\",\"contentUrl\":\"https:\/\/secure.gravatar.com\/avatar\/418f74acd1f1514b31d4d2a99f5fa546f89775d2ac0f931151cb25a8986b8942?s=96&d=mm&r=g\",\"caption\":\"Hedone\"},\"url\":\"https:\/\/hedone.pt\/pt-pt\/author\/hedone-adm\/\"}]}<\/script>\n<!-- \/ Yoast SEO plugin. -->","yoast_head_json":{"title":"Portugal: O Festival Internacional de Piano do Oeste - Hedone","description":"O Festival Internacional de Piano do Oeste \u00e9 um evento de renome que re\u00fane pianistas, educadores e entusiastas de todo o mundo.","robots":{"index":"index","follow":"follow","max-snippet":"max-snippet:-1","max-image-preview":"max-image-preview:large","max-video-preview":"max-video-preview:-1"},"canonical":"https:\/\/hedone.pt\/pt-pt\/portugal-o-festival-internacional-de-piano-do-oeste\/","og_locale":"pt_PT","og_type":"article","og_title":"Portugal: O Festival Internacional de Piano do Oeste - Hedone","og_description":"O Festival Internacional de Piano do Oeste \u00e9 um evento de renome que re\u00fane pianistas, educadores e entusiastas de todo o mundo.","og_url":"https:\/\/hedone.pt\/pt-pt\/portugal-o-festival-internacional-de-piano-do-oeste\/","og_site_name":"Hedone","article_publisher":"https:\/\/www.facebook.com\/profile.php?id=61551012387703","article_published_time":"2024-06-22T20:23:32+00:00","article_modified_time":"2025-04-18T22:39:17+00:00","og_image":[{"width":1200,"height":627,"url":"https:\/\/hedone.pt\/wp-content\/uploads\/2024\/06\/Oeste-festival-piano.webp","type":"image\/webp"}],"author":"Hedone","twitter_card":"summary_large_image","twitter_misc":{"Escrito por":"Hedone","Tempo estimado de leitura":"2 minutos"},"schema":{"@context":"https:\/\/schema.org","@graph":[{"@type":"Article","@id":"https:\/\/hedone.pt\/pt-pt\/portugal-o-festival-internacional-de-piano-do-oeste\/#article","isPartOf":{"@id":"https:\/\/hedone.pt\/pt-pt\/portugal-o-festival-internacional-de-piano-do-oeste\/"},"author":{"name":"Hedone","@id":"https:\/\/hedone.pt\/pt-pt\/#\/schema\/person\/3a63140506bb493902f2f4db82aaf387"},"headline":"Portugal: O Festival Internacional de Piano do Oeste","datePublished":"2024-06-22T20:23:32+00:00","dateModified":"2025-04-18T22:39:17+00:00","mainEntityOfPage":{"@id":"https:\/\/hedone.pt\/pt-pt\/portugal-o-festival-internacional-de-piano-do-oeste\/"},"wordCount":324,"publisher":{"@id":"https:\/\/hedone.pt\/pt-pt\/#organization"},"image":{"@id":"https:\/\/hedone.pt\/pt-pt\/portugal-o-festival-internacional-de-piano-do-oeste\/#primaryimage"},"thumbnailUrl":"https:\/\/hedone.pt\/wp-content\/uploads\/2024\/06\/Oeste-festival-piano.webp","keywords":["\u00f3bidos","visite obidos"],"articleSection":["Lifestyle"],"inLanguage":"pt-PT"},{"@type":"WebPage","@id":"https:\/\/hedone.pt\/pt-pt\/portugal-o-festival-internacional-de-piano-do-oeste\/","url":"https:\/\/hedone.pt\/pt-pt\/portugal-o-festival-internacional-de-piano-do-oeste\/","name":"Portugal: O Festival Internacional de Piano do Oeste - Hedone","isPartOf":{"@id":"https:\/\/hedone.pt\/pt-pt\/#website"},"primaryImageOfPage":{"@id":"https:\/\/hedone.pt\/pt-pt\/portugal-o-festival-internacional-de-piano-do-oeste\/#primaryimage"},"image":{"@id":"https:\/\/hedone.pt\/pt-pt\/portugal-o-festival-internacional-de-piano-do-oeste\/#primaryimage"},"thumbnailUrl":"https:\/\/hedone.pt\/wp-content\/uploads\/2024\/06\/Oeste-festival-piano.webp","datePublished":"2024-06-22T20:23:32+00:00","dateModified":"2025-04-18T22:39:17+00:00","description":"O Festival Internacional de Piano do Oeste \u00e9 um evento de renome que re\u00fane pianistas, educadores e entusiastas de todo o mundo.","breadcrumb":{"@id":"https:\/\/hedone.pt\/pt-pt\/portugal-o-festival-internacional-de-piano-do-oeste\/#breadcrumb"},"inLanguage":"pt-PT","potentialAction":[{"@type":"ReadAction","target":["https:\/\/hedone.pt\/pt-pt\/portugal-o-festival-internacional-de-piano-do-oeste\/"]}]},{"@type":"ImageObject","inLanguage":"pt-PT","@id":"https:\/\/hedone.pt\/pt-pt\/portugal-o-festival-internacional-de-piano-do-oeste\/#primaryimage","url":"https:\/\/hedone.pt\/wp-content\/uploads\/2024\/06\/Oeste-festival-piano.webp","contentUrl":"https:\/\/hedone.pt\/wp-content\/uploads\/2024\/06\/Oeste-festival-piano.webp","width":1200,"height":627,"caption":"Oeste festival piano"},{"@type":"BreadcrumbList","@id":"https:\/\/hedone.pt\/pt-pt\/portugal-o-festival-internacional-de-piano-do-oeste\/#breadcrumb","itemListElement":[{"@type":"ListItem","position":1,"name":"Home","item":"https:\/\/hedone.pt\/pt-pt\/"},{"@type":"ListItem","position":2,"name":"Portugal: O Festival Internacional de Piano do Oeste"}]},{"@type":"WebSite","@id":"https:\/\/hedone.pt\/pt-pt\/#website","url":"https:\/\/hedone.pt\/pt-pt\/","name":"Hedone","description":"Go everywhere but start here","publisher":{"@id":"https:\/\/hedone.pt\/pt-pt\/#organization"},"potentialAction":[{"@type":"SearchAction","target":{"@type":"EntryPoint","urlTemplate":"https:\/\/hedone.pt\/pt-pt\/?s={search_term_string}"},"query-input":{"@type":"PropertyValueSpecification","valueRequired":true,"valueName":"search_term_string"}}],"inLanguage":"pt-PT"},{"@type":"Organization","@id":"https:\/\/hedone.pt\/pt-pt\/#organization","name":"Hedone","url":"https:\/\/hedone.pt\/pt-pt\/","logo":{"@type":"ImageObject","inLanguage":"pt-PT","@id":"https:\/\/hedone.pt\/pt-pt\/#\/schema\/logo\/image\/","url":"https:\/\/hedone.pt\/wp-content\/uploads\/2023\/01\/Hedone_Logotipo_SemFundo-e1674658481593.png","contentUrl":"https:\/\/hedone.pt\/wp-content\/uploads\/2023\/01\/Hedone_Logotipo_SemFundo-e1674658481593.png","width":1175,"height":869,"caption":"Hedone"},"image":{"@id":"https:\/\/hedone.pt\/pt-pt\/#\/schema\/logo\/image\/"},"sameAs":["https:\/\/www.facebook.com\/profile.php?id=61551012387703","https:\/\/www.instagram.com\/hedone_properties\/","https:\/\/api.whatsapp.com\/send\/?phone=351929061490&text&type=phone_number&app_absent=0"]},{"@type":"Person","@id":"https:\/\/hedone.pt\/pt-pt\/#\/schema\/person\/3a63140506bb493902f2f4db82aaf387","name":"Hedone","image":{"@type":"ImageObject","inLanguage":"pt-PT","@id":"https:\/\/hedone.pt\/pt-pt\/#\/schema\/person\/image\/","url":"https:\/\/secure.gravatar.com\/avatar\/418f74acd1f1514b31d4d2a99f5fa546f89775d2ac0f931151cb25a8986b8942?s=96&d=mm&r=g","contentUrl":"https:\/\/secure.gravatar.com\/avatar\/418f74acd1f1514b31d4d2a99f5fa546f89775d2ac0f931151cb25a8986b8942?s=96&d=mm&r=g","caption":"Hedone"},"url":"https:\/\/hedone.pt\/pt-pt\/author\/hedone-adm\/"}]}},"_links":{"self":[{"href":"https:\/\/hedone.pt\/pt-pt\/wp-json\/wp\/v2\/posts\/2831","targetHints":{"allow":["GET"]}}],"collection":[{"href":"https:\/\/hedone.pt\/pt-pt\/wp-json\/wp\/v2\/posts"}],"about":[{"href":"https:\/\/hedone.pt\/pt-pt\/wp-json\/wp\/v2\/types\/post"}],"author":[{"embeddable":true,"href":"https:\/\/hedone.pt\/pt-pt\/wp-json\/wp\/v2\/users\/3"}],"replies":[{"embeddable":true,"href":"https:\/\/hedone.pt\/pt-pt\/wp-json\/wp\/v2\/comments?post=2831"}],"version-history":[{"count":10,"href":"https:\/\/hedone.pt\/pt-pt\/wp-json\/wp\/v2\/posts\/2831\/revisions"}],"predecessor-version":[{"id":3264,"href":"https:\/\/hedone.pt\/pt-pt\/wp-json\/wp\/v2\/posts\/2831\/revisions\/3264"}],"wp:featuredmedia":[{"embeddable":true,"href":"https:\/\/hedone.pt\/pt-pt\/wp-json\/wp\/v2\/media\/2825"}],"wp:attachment":[{"href":"https:\/\/hedone.pt\/pt-pt\/wp-json\/wp\/v2\/media?parent=2831"}],"wp:term":[{"taxonomy":"category","embeddable":true,"href":"https:\/\/hedone.pt\/pt-pt\/wp-json\/wp\/v2\/categories?post=2831"},{"taxonomy":"post_tag","embeddable":true,"href":"https:\/\/hedone.pt\/pt-pt\/wp-json\/wp\/v2\/tags?post=2831"}],"curies":[{"name":"wp","href":"https:\/\/api.w.org\/{rel}","templated":true}]}}