{"id":2856,"date":"2024-06-22T20:44:47","date_gmt":"2024-06-22T20:44:47","guid":{"rendered":"https:\/\/hedone.pt\/ortugala-romantica-quinta-da-regaleira\/"},"modified":"2024-09-29T17:53:40","modified_gmt":"2024-09-29T17:53:40","slug":"ortugala-romantica-quinta-da-regaleira","status":"publish","type":"post","link":"https:\/\/hedone.pt\/pt-pt\/ortugala-romantica-quinta-da-regaleira\/","title":{"rendered":"A rom\u00e2ntica Quinta da Regaleira &#8211; Portugal"},"content":{"rendered":"<p>[et_pb_section fb_built=&#8221;1&#8243; _builder_version=&#8221;4.21.0&#8243; _module_preset=&#8221;default&#8221; background_color=&#8221;#260B0B&#8221; custom_margin=&#8221;||-50px||false|false&#8221; custom_padding=&#8221;||||false|false&#8221; global_colors_info=&#8221;{}&#8221;][et_pb_row _builder_version=&#8221;4.19.4&#8243; _module_preset=&#8221;default&#8221; global_colors_info=&#8221;{}&#8221;][et_pb_column type=&#8221;4_4&#8243; _builder_version=&#8221;4.19.4&#8243; _module_preset=&#8221;default&#8221; global_colors_info=&#8221;{}&#8221;][et_pb_post_title meta=&#8221;off&#8221; featured_image=&#8221;off&#8221; _builder_version=&#8221;4.19.4&#8243; _module_preset=&#8221;default&#8221; title_font=&#8221;|800|||||||&#8221; title_font_size=&#8221;36px&#8221; background_color=&#8221;RGBA(255,255,255,0)&#8221; global_colors_info=&#8221;{}&#8221;][\/et_pb_post_title][et_pb_text _builder_version=&#8221;4.21.0&#8243; _module_preset=&#8221;default&#8221; hover_enabled=&#8221;0&#8243; global_colors_info=&#8221;{}&#8221; sticky_enabled=&#8221;0&#8243;]<\/p>\n<p>A Quinta da Regaleira \u00e9 uma propriedade cativante situada em Sintra. Constru\u00edda no in\u00edcio do s\u00e9culo XX, este Patrim\u00f3nio Mundial da UNESCO apresenta um pal\u00e1cio rom\u00e2ntico, jardins luxuriantes, t\u00faneis escondidos e s\u00edmbolos enigm\u00e1ticos. Os destaques incluem o Po\u00e7o Inici\u00e1tico, a Torre da Regaleira e uma s\u00e9rie de grutas e fontes, tornando-a uma visita obrigat\u00f3ria para os intrigados com a hist\u00f3ria, a arquitetura e o conhecimento esot\u00e9rico.<\/p>\n<p>No cora\u00e7\u00e3o da propriedade encontra-se o majestoso pal\u00e1cio. No interior, os visitantes podem maravilhar-se com os interiores opulentos, com esculturas pormenorizadas, trabalhos ornamentados em estuque e belos azulejos.<\/p>\n<p>A Quinta da Regaleira \u00e9 mais do que um local hist\u00f3rico; \u00e9 um local onde a arte, a arquitetura e o misticismo convergem. Cada canto da propriedade conta uma hist\u00f3ria, convidando os visitantes a embarcar numa viagem pela hist\u00f3ria, cultura e imagina\u00e7\u00e3o Quer esteja a explorar as profundezas do Po\u00e7o Inici\u00e1tico ou a passear pelos jardins rom\u00e2nticos, a Quinta da Regaleira promete uma experi\u00eancia inesquec\u00edvel.<\/p>\n<p>Venha visitar a Quinta da Regaleira e fique alojado na <span><a href=\"https:\/\/hedone.us21.list-manage.com\/track\/click?u=6cf1fa10e22c981b5d54176ca&amp;id=fbd6386d8b&amp;e=c5a66a89b5\">propriedade Hedone em Galamares<\/a><\/span>, apenas a 10 minutos de carro.<\/p>\n<p>Hedone is Home.<\/p>\n<p>[\/et_pb_text][\/et_pb_column][\/et_pb_row][\/et_pb_section]<\/p>\n","protected":false},"excerpt":{"rendered":"<p>Constru\u00edda no in\u00edcio do s\u00e9culo XX, este Patrim\u00f3nio Mundial da UNESCO apresenta um pal\u00e1cio rom\u00e2ntico, jardins luxuriantes, t\u00faneis escondidos.<\/p>\n","protected":false},"author":3,"featured_media":2847,"comment_status":"closed","ping_status":"open","sticky":false,"template":"","format":"standard","meta":{"_et_pb_use_builder":"on","_et_pb_old_content":"","_et_gb_content_width":"","footnotes":""},"categories":[28],"tags":[208,68,209,112],"class_list":["post-2856","post","type-post","status-publish","format-standard","has-post-thumbnail","hentry","category-lifestyle-pt-pt","tag-quinta-da-regaleira-pt-pt","tag-sintra-pt-pt","tag-unesco-pt-pt","tag-visit-sintra-pt-pt-2"],"yoast_head":"<!-- This site is optimized with the Yoast SEO plugin v26.2 - https:\/\/yoast.com\/wordpress\/plugins\/seo\/ -->\n<title>A rom\u00e2ntica Quinta da Regaleira - Portugal - Hedone<\/title>\n<meta name=\"description\" content=\"Constru\u00edda no in\u00edcio do s\u00e9culo XX, este Patrim\u00f3nio Mundial da UNESCO apresenta um pal\u00e1cio rom\u00e2ntico, jardins luxuriantes. A rom\u00e2ntica Quinta da Regaleira\" \/>\n<meta name=\"robots\" content=\"index, follow, max-snippet:-1, max-image-preview:large, max-video-preview:-1\" \/>\n<link rel=\"canonical\" href=\"https:\/\/hedone.pt\/pt-pt\/ortugala-romantica-quinta-da-regaleira\/\" \/>\n<meta property=\"og:locale\" content=\"pt_PT\" \/>\n<meta property=\"og:type\" content=\"article\" \/>\n<meta property=\"og:title\" content=\"A rom\u00e2ntica Quinta da Regaleira - Portugal - Hedone\" \/>\n<meta property=\"og:description\" content=\"Constru\u00edda no in\u00edcio do s\u00e9culo XX, este Patrim\u00f3nio Mundial da UNESCO apresenta um pal\u00e1cio rom\u00e2ntico, jardins luxuriantes. A rom\u00e2ntica Quinta da Regaleira\" \/>\n<meta property=\"og:url\" content=\"https:\/\/hedone.pt\/pt-pt\/ortugala-romantica-quinta-da-regaleira\/\" \/>\n<meta property=\"og:site_name\" content=\"Hedone\" \/>\n<meta property=\"article:publisher\" content=\"https:\/\/www.facebook.com\/profile.php?id=61551012387703\" \/>\n<meta property=\"article:published_time\" content=\"2024-06-22T20:44:47+00:00\" \/>\n<meta property=\"article:modified_time\" content=\"2024-09-29T17:53:40+00:00\" \/>\n<meta property=\"og:image\" content=\"https:\/\/hedone.pt\/wp-content\/uploads\/2024\/06\/Quinta-Regaleira-1.webp\" \/>\n\t<meta property=\"og:image:width\" content=\"1200\" \/>\n\t<meta property=\"og:image:height\" content=\"627\" \/>\n\t<meta property=\"og:image:type\" content=\"image\/webp\" \/>\n<meta name=\"author\" content=\"Hedone\" \/>\n<meta name=\"twitter:card\" content=\"summary_large_image\" \/>\n<meta name=\"twitter:label1\" content=\"Escrito por\" \/>\n\t<meta name=\"twitter:data1\" content=\"Hedone\" \/>\n\t<meta name=\"twitter:label2\" content=\"Tempo estimado de leitura\" \/>\n\t<meta name=\"twitter:data2\" content=\"2 minutos\" \/>\n<script type=\"application\/ld+json\" class=\"yoast-schema-graph\">{\"@context\":\"https:\/\/schema.org\",\"@graph\":[{\"@type\":\"Article\",\"@id\":\"https:\/\/hedone.pt\/pt-pt\/ortugala-romantica-quinta-da-regaleira\/#article\",\"isPartOf\":{\"@id\":\"https:\/\/hedone.pt\/pt-pt\/ortugala-romantica-quinta-da-regaleira\/\"},\"author\":{\"name\":\"Hedone\",\"@id\":\"https:\/\/hedone.pt\/pt-pt\/#\/schema\/person\/3a63140506bb493902f2f4db82aaf387\"},\"headline\":\"A rom\u00e2ntica Quinta da Regaleira &#8211; Portugal\",\"datePublished\":\"2024-06-22T20:44:47+00:00\",\"dateModified\":\"2024-09-29T17:53:40+00:00\",\"mainEntityOfPage\":{\"@id\":\"https:\/\/hedone.pt\/pt-pt\/ortugala-romantica-quinta-da-regaleira\/\"},\"wordCount\":319,\"publisher\":{\"@id\":\"https:\/\/hedone.pt\/pt-pt\/#organization\"},\"image\":{\"@id\":\"https:\/\/hedone.pt\/pt-pt\/ortugala-romantica-quinta-da-regaleira\/#primaryimage\"},\"thumbnailUrl\":\"https:\/\/hedone.pt\/wp-content\/uploads\/2024\/06\/Quinta-Regaleira-1.webp\",\"keywords\":[\"Quinta da Regaleira\",\"sintra\",\"Unesco\",\"visit sintra\"],\"articleSection\":[\"Lifestyle\"],\"inLanguage\":\"pt-PT\"},{\"@type\":\"WebPage\",\"@id\":\"https:\/\/hedone.pt\/pt-pt\/ortugala-romantica-quinta-da-regaleira\/\",\"url\":\"https:\/\/hedone.pt\/pt-pt\/ortugala-romantica-quinta-da-regaleira\/\",\"name\":\"A rom\u00e2ntica Quinta da Regaleira - Portugal - Hedone\",\"isPartOf\":{\"@id\":\"https:\/\/hedone.pt\/pt-pt\/#website\"},\"primaryImageOfPage\":{\"@id\":\"https:\/\/hedone.pt\/pt-pt\/ortugala-romantica-quinta-da-regaleira\/#primaryimage\"},\"image\":{\"@id\":\"https:\/\/hedone.pt\/pt-pt\/ortugala-romantica-quinta-da-regaleira\/#primaryimage\"},\"thumbnailUrl\":\"https:\/\/hedone.pt\/wp-content\/uploads\/2024\/06\/Quinta-Regaleira-1.webp\",\"datePublished\":\"2024-06-22T20:44:47+00:00\",\"dateModified\":\"2024-09-29T17:53:40+00:00\",\"description\":\"Constru\u00edda no in\u00edcio do s\u00e9culo XX, este Patrim\u00f3nio Mundial da UNESCO apresenta um pal\u00e1cio rom\u00e2ntico, jardins luxuriantes. A rom\u00e2ntica Quinta da Regaleira\",\"breadcrumb\":{\"@id\":\"https:\/\/hedone.pt\/pt-pt\/ortugala-romantica-quinta-da-regaleira\/#breadcrumb\"},\"inLanguage\":\"pt-PT\",\"potentialAction\":[{\"@type\":\"ReadAction\",\"target\":[\"https:\/\/hedone.pt\/pt-pt\/ortugala-romantica-quinta-da-regaleira\/\"]}]},{\"@type\":\"ImageObject\",\"inLanguage\":\"pt-PT\",\"@id\":\"https:\/\/hedone.pt\/pt-pt\/ortugala-romantica-quinta-da-regaleira\/#primaryimage\",\"url\":\"https:\/\/hedone.pt\/wp-content\/uploads\/2024\/06\/Quinta-Regaleira-1.webp\",\"contentUrl\":\"https:\/\/hedone.pt\/wp-content\/uploads\/2024\/06\/Quinta-Regaleira-1.webp\",\"width\":1200,\"height\":627,\"caption\":\"Quinta Regaleira\"},{\"@type\":\"BreadcrumbList\",\"@id\":\"https:\/\/hedone.pt\/pt-pt\/ortugala-romantica-quinta-da-regaleira\/#breadcrumb\",\"itemListElement\":[{\"@type\":\"ListItem\",\"position\":1,\"name\":\"Home\",\"item\":\"https:\/\/hedone.pt\/pt-pt\/\"},{\"@type\":\"ListItem\",\"position\":2,\"name\":\"A rom\u00e2ntica Quinta da Regaleira &#8211; Portugal\"}]},{\"@type\":\"WebSite\",\"@id\":\"https:\/\/hedone.pt\/pt-pt\/#website\",\"url\":\"https:\/\/hedone.pt\/pt-pt\/\",\"name\":\"Hedone\",\"description\":\"Go everywhere but start here\",\"publisher\":{\"@id\":\"https:\/\/hedone.pt\/pt-pt\/#organization\"},\"potentialAction\":[{\"@type\":\"SearchAction\",\"target\":{\"@type\":\"EntryPoint\",\"urlTemplate\":\"https:\/\/hedone.pt\/pt-pt\/?s={search_term_string}\"},\"query-input\":{\"@type\":\"PropertyValueSpecification\",\"valueRequired\":true,\"valueName\":\"search_term_string\"}}],\"inLanguage\":\"pt-PT\"},{\"@type\":\"Organization\",\"@id\":\"https:\/\/hedone.pt\/pt-pt\/#organization\",\"name\":\"Hedone\",\"url\":\"https:\/\/hedone.pt\/pt-pt\/\",\"logo\":{\"@type\":\"ImageObject\",\"inLanguage\":\"pt-PT\",\"@id\":\"https:\/\/hedone.pt\/pt-pt\/#\/schema\/logo\/image\/\",\"url\":\"https:\/\/hedone.pt\/wp-content\/uploads\/2023\/01\/Hedone_Logotipo_SemFundo-e1674658481593.png\",\"contentUrl\":\"https:\/\/hedone.pt\/wp-content\/uploads\/2023\/01\/Hedone_Logotipo_SemFundo-e1674658481593.png\",\"width\":1175,\"height\":869,\"caption\":\"Hedone\"},\"image\":{\"@id\":\"https:\/\/hedone.pt\/pt-pt\/#\/schema\/logo\/image\/\"},\"sameAs\":[\"https:\/\/www.facebook.com\/profile.php?id=61551012387703\",\"https:\/\/www.instagram.com\/hedone_properties\/\",\"https:\/\/api.whatsapp.com\/send\/?phone=351929061490&text&type=phone_number&app_absent=0\"]},{\"@type\":\"Person\",\"@id\":\"https:\/\/hedone.pt\/pt-pt\/#\/schema\/person\/3a63140506bb493902f2f4db82aaf387\",\"name\":\"Hedone\",\"image\":{\"@type\":\"ImageObject\",\"inLanguage\":\"pt-PT\",\"@id\":\"https:\/\/hedone.pt\/pt-pt\/#\/schema\/person\/image\/\",\"url\":\"https:\/\/secure.gravatar.com\/avatar\/418f74acd1f1514b31d4d2a99f5fa546f89775d2ac0f931151cb25a8986b8942?s=96&d=mm&r=g\",\"contentUrl\":\"https:\/\/secure.gravatar.com\/avatar\/418f74acd1f1514b31d4d2a99f5fa546f89775d2ac0f931151cb25a8986b8942?s=96&d=mm&r=g\",\"caption\":\"Hedone\"},\"url\":\"https:\/\/hedone.pt\/pt-pt\/author\/hedone-adm\/\"}]}<\/script>\n<!-- \/ Yoast SEO plugin. -->","yoast_head_json":{"title":"A rom\u00e2ntica Quinta da Regaleira - Portugal - Hedone","description":"Constru\u00edda no in\u00edcio do s\u00e9culo XX, este Patrim\u00f3nio Mundial da UNESCO apresenta um pal\u00e1cio rom\u00e2ntico, jardins luxuriantes. A rom\u00e2ntica Quinta da Regaleira","robots":{"index":"index","follow":"follow","max-snippet":"max-snippet:-1","max-image-preview":"max-image-preview:large","max-video-preview":"max-video-preview:-1"},"canonical":"https:\/\/hedone.pt\/pt-pt\/ortugala-romantica-quinta-da-regaleira\/","og_locale":"pt_PT","og_type":"article","og_title":"A rom\u00e2ntica Quinta da Regaleira - Portugal - Hedone","og_description":"Constru\u00edda no in\u00edcio do s\u00e9culo XX, este Patrim\u00f3nio Mundial da UNESCO apresenta um pal\u00e1cio rom\u00e2ntico, jardins luxuriantes. A rom\u00e2ntica Quinta da Regaleira","og_url":"https:\/\/hedone.pt\/pt-pt\/ortugala-romantica-quinta-da-regaleira\/","og_site_name":"Hedone","article_publisher":"https:\/\/www.facebook.com\/profile.php?id=61551012387703","article_published_time":"2024-06-22T20:44:47+00:00","article_modified_time":"2024-09-29T17:53:40+00:00","og_image":[{"width":1200,"height":627,"url":"https:\/\/hedone.pt\/wp-content\/uploads\/2024\/06\/Quinta-Regaleira-1.webp","type":"image\/webp"}],"author":"Hedone","twitter_card":"summary_large_image","twitter_misc":{"Escrito por":"Hedone","Tempo estimado de leitura":"2 minutos"},"schema":{"@context":"https:\/\/schema.org","@graph":[{"@type":"Article","@id":"https:\/\/hedone.pt\/pt-pt\/ortugala-romantica-quinta-da-regaleira\/#article","isPartOf":{"@id":"https:\/\/hedone.pt\/pt-pt\/ortugala-romantica-quinta-da-regaleira\/"},"author":{"name":"Hedone","@id":"https:\/\/hedone.pt\/pt-pt\/#\/schema\/person\/3a63140506bb493902f2f4db82aaf387"},"headline":"A rom\u00e2ntica Quinta da Regaleira &#8211; Portugal","datePublished":"2024-06-22T20:44:47+00:00","dateModified":"2024-09-29T17:53:40+00:00","mainEntityOfPage":{"@id":"https:\/\/hedone.pt\/pt-pt\/ortugala-romantica-quinta-da-regaleira\/"},"wordCount":319,"publisher":{"@id":"https:\/\/hedone.pt\/pt-pt\/#organization"},"image":{"@id":"https:\/\/hedone.pt\/pt-pt\/ortugala-romantica-quinta-da-regaleira\/#primaryimage"},"thumbnailUrl":"https:\/\/hedone.pt\/wp-content\/uploads\/2024\/06\/Quinta-Regaleira-1.webp","keywords":["Quinta da Regaleira","sintra","Unesco","visit sintra"],"articleSection":["Lifestyle"],"inLanguage":"pt-PT"},{"@type":"WebPage","@id":"https:\/\/hedone.pt\/pt-pt\/ortugala-romantica-quinta-da-regaleira\/","url":"https:\/\/hedone.pt\/pt-pt\/ortugala-romantica-quinta-da-regaleira\/","name":"A rom\u00e2ntica Quinta da Regaleira - Portugal - Hedone","isPartOf":{"@id":"https:\/\/hedone.pt\/pt-pt\/#website"},"primaryImageOfPage":{"@id":"https:\/\/hedone.pt\/pt-pt\/ortugala-romantica-quinta-da-regaleira\/#primaryimage"},"image":{"@id":"https:\/\/hedone.pt\/pt-pt\/ortugala-romantica-quinta-da-regaleira\/#primaryimage"},"thumbnailUrl":"https:\/\/hedone.pt\/wp-content\/uploads\/2024\/06\/Quinta-Regaleira-1.webp","datePublished":"2024-06-22T20:44:47+00:00","dateModified":"2024-09-29T17:53:40+00:00","description":"Constru\u00edda no in\u00edcio do s\u00e9culo XX, este Patrim\u00f3nio Mundial da UNESCO apresenta um pal\u00e1cio rom\u00e2ntico, jardins luxuriantes. A rom\u00e2ntica Quinta da Regaleira","breadcrumb":{"@id":"https:\/\/hedone.pt\/pt-pt\/ortugala-romantica-quinta-da-regaleira\/#breadcrumb"},"inLanguage":"pt-PT","potentialAction":[{"@type":"ReadAction","target":["https:\/\/hedone.pt\/pt-pt\/ortugala-romantica-quinta-da-regaleira\/"]}]},{"@type":"ImageObject","inLanguage":"pt-PT","@id":"https:\/\/hedone.pt\/pt-pt\/ortugala-romantica-quinta-da-regaleira\/#primaryimage","url":"https:\/\/hedone.pt\/wp-content\/uploads\/2024\/06\/Quinta-Regaleira-1.webp","contentUrl":"https:\/\/hedone.pt\/wp-content\/uploads\/2024\/06\/Quinta-Regaleira-1.webp","width":1200,"height":627,"caption":"Quinta Regaleira"},{"@type":"BreadcrumbList","@id":"https:\/\/hedone.pt\/pt-pt\/ortugala-romantica-quinta-da-regaleira\/#breadcrumb","itemListElement":[{"@type":"ListItem","position":1,"name":"Home","item":"https:\/\/hedone.pt\/pt-pt\/"},{"@type":"ListItem","position":2,"name":"A rom\u00e2ntica Quinta da Regaleira &#8211; Portugal"}]},{"@type":"WebSite","@id":"https:\/\/hedone.pt\/pt-pt\/#website","url":"https:\/\/hedone.pt\/pt-pt\/","name":"Hedone","description":"Go everywhere but start here","publisher":{"@id":"https:\/\/hedone.pt\/pt-pt\/#organization"},"potentialAction":[{"@type":"SearchAction","target":{"@type":"EntryPoint","urlTemplate":"https:\/\/hedone.pt\/pt-pt\/?s={search_term_string}"},"query-input":{"@type":"PropertyValueSpecification","valueRequired":true,"valueName":"search_term_string"}}],"inLanguage":"pt-PT"},{"@type":"Organization","@id":"https:\/\/hedone.pt\/pt-pt\/#organization","name":"Hedone","url":"https:\/\/hedone.pt\/pt-pt\/","logo":{"@type":"ImageObject","inLanguage":"pt-PT","@id":"https:\/\/hedone.pt\/pt-pt\/#\/schema\/logo\/image\/","url":"https:\/\/hedone.pt\/wp-content\/uploads\/2023\/01\/Hedone_Logotipo_SemFundo-e1674658481593.png","contentUrl":"https:\/\/hedone.pt\/wp-content\/uploads\/2023\/01\/Hedone_Logotipo_SemFundo-e1674658481593.png","width":1175,"height":869,"caption":"Hedone"},"image":{"@id":"https:\/\/hedone.pt\/pt-pt\/#\/schema\/logo\/image\/"},"sameAs":["https:\/\/www.facebook.com\/profile.php?id=61551012387703","https:\/\/www.instagram.com\/hedone_properties\/","https:\/\/api.whatsapp.com\/send\/?phone=351929061490&text&type=phone_number&app_absent=0"]},{"@type":"Person","@id":"https:\/\/hedone.pt\/pt-pt\/#\/schema\/person\/3a63140506bb493902f2f4db82aaf387","name":"Hedone","image":{"@type":"ImageObject","inLanguage":"pt-PT","@id":"https:\/\/hedone.pt\/pt-pt\/#\/schema\/person\/image\/","url":"https:\/\/secure.gravatar.com\/avatar\/418f74acd1f1514b31d4d2a99f5fa546f89775d2ac0f931151cb25a8986b8942?s=96&d=mm&r=g","contentUrl":"https:\/\/secure.gravatar.com\/avatar\/418f74acd1f1514b31d4d2a99f5fa546f89775d2ac0f931151cb25a8986b8942?s=96&d=mm&r=g","caption":"Hedone"},"url":"https:\/\/hedone.pt\/pt-pt\/author\/hedone-adm\/"}]}},"_links":{"self":[{"href":"https:\/\/hedone.pt\/pt-pt\/wp-json\/wp\/v2\/posts\/2856","targetHints":{"allow":["GET"]}}],"collection":[{"href":"https:\/\/hedone.pt\/pt-pt\/wp-json\/wp\/v2\/posts"}],"about":[{"href":"https:\/\/hedone.pt\/pt-pt\/wp-json\/wp\/v2\/types\/post"}],"author":[{"embeddable":true,"href":"https:\/\/hedone.pt\/pt-pt\/wp-json\/wp\/v2\/users\/3"}],"replies":[{"embeddable":true,"href":"https:\/\/hedone.pt\/pt-pt\/wp-json\/wp\/v2\/comments?post=2856"}],"version-history":[{"count":12,"href":"https:\/\/hedone.pt\/pt-pt\/wp-json\/wp\/v2\/posts\/2856\/revisions"}],"predecessor-version":[{"id":2950,"href":"https:\/\/hedone.pt\/pt-pt\/wp-json\/wp\/v2\/posts\/2856\/revisions\/2950"}],"wp:featuredmedia":[{"embeddable":true,"href":"https:\/\/hedone.pt\/pt-pt\/wp-json\/wp\/v2\/media\/2847"}],"wp:attachment":[{"href":"https:\/\/hedone.pt\/pt-pt\/wp-json\/wp\/v2\/media?parent=2856"}],"wp:term":[{"taxonomy":"category","embeddable":true,"href":"https:\/\/hedone.pt\/pt-pt\/wp-json\/wp\/v2\/categories?post=2856"},{"taxonomy":"post_tag","embeddable":true,"href":"https:\/\/hedone.pt\/pt-pt\/wp-json\/wp\/v2\/tags?post=2856"}],"curies":[{"name":"wp","href":"https:\/\/api.w.org\/{rel}","templated":true}]}}