{"id":2881,"date":"2024-06-30T20:30:27","date_gmt":"2024-06-30T20:30:27","guid":{"rendered":"https:\/\/hedone.pt\/a-pitoresca-praia-das-macas\/"},"modified":"2024-07-17T22:37:14","modified_gmt":"2024-07-17T22:37:14","slug":"a-pitoresca-praia-das-macas","status":"publish","type":"post","link":"https:\/\/hedone.pt\/pt-pt\/a-pitoresca-praia-das-macas\/","title":{"rendered":"A pitoresca Praia das Ma\u00e7\u00e3s"},"content":{"rendered":"<p>[et_pb_section fb_built=&#8221;1&#8243; _builder_version=&#8221;4.21.0&#8243; _module_preset=&#8221;default&#8221; background_color=&#8221;#260B0B&#8221; custom_margin=&#8221;||-50px||false|false&#8221; custom_padding=&#8221;||||false|false&#8221; global_colors_info=&#8221;{}&#8221;][et_pb_row _builder_version=&#8221;4.19.4&#8243; _module_preset=&#8221;default&#8221; global_colors_info=&#8221;{}&#8221;][et_pb_column type=&#8221;4_4&#8243; _builder_version=&#8221;4.19.4&#8243; _module_preset=&#8221;default&#8221; global_colors_info=&#8221;{}&#8221;][et_pb_post_title meta=&#8221;off&#8221; featured_image=&#8221;off&#8221; _builder_version=&#8221;4.19.4&#8243; _module_preset=&#8221;default&#8221; title_font=&#8221;|800|||||||&#8221; title_font_size=&#8221;36px&#8221; background_color=&#8221;RGBA(255,255,255,0)&#8221; global_colors_info=&#8221;{}&#8221;][\/et_pb_post_title][et_pb_text _builder_version=&#8221;4.26.1&#8243; _module_preset=&#8221;default&#8221; hover_enabled=&#8221;0&#8243; global_colors_info=&#8221;{}&#8221; sticky_enabled=&#8221;0&#8243;]<\/p>\n<p>A pituresca Praia das ma\u00e7\u00e3s. \u00c9 ver\u00e3o e a praia \u00e9 um destino \u00f3bvio em Portugal. A Praia das Ma\u00e7\u00e3s \u00e9 uma pitoresca aldeia costeira situada em Sintra. Aninhada ao longo do Oceano Atl\u00e2ntico, esta encantadora praia \u00e9 conhecida pelas suas areias douradas, ondas ondulantes e fal\u00e9sias deslumbrantes. Diz-se que o nome &#8220;Praia das Ma\u00e7\u00e3s&#8221; tem origem nas ma\u00e7\u00e3s que historicamente ca\u00edam no rio e eram transportadas para a praia a partir dos pomares pr\u00f3ximos.<\/p>\n<p>Os visitantes da Praia das Ma\u00e7\u00e3s podem desfrutar de uma variedade de actividades, desde banhos de sol e nata\u00e7\u00e3o at\u00e9 ao surf e desportos de praia. A zona \u00e9 tamb\u00e9m conhecida pelo seu vibrante mercado, onde abundam o marisco fresco e os produtos locais. Com a sua atmosfera pitoresca e beleza natural, a Praia das Ma\u00e7\u00e3s oferece uma mistura perfeita de descontra\u00e7\u00e3o e aventura, tornando-a um local favorito tanto para os locais como para os turistas que procuram uma aut\u00eantica experi\u00eancia costeira portuguesa.<\/p>\n<p>Visite a Praia das Ma\u00e7\u00e3s e fique alojado na propriedade Hedone em Galamares, apenas a 10 minutos de carro.<\/p>\n<p>Hedone is Home.<\/p>\n<p>[\/et_pb_text][\/et_pb_column][\/et_pb_row][\/et_pb_section]<\/p>\n","protected":false},"excerpt":{"rendered":"<p>\u00c9 ver\u00e3o e a praia \u00e9 um destino \u00f3bvio em Portugal. A Praia das Ma\u00e7\u00e3s \u00e9 uma pitoresca aldeia costeira situada em Sintra.<\/p>\n","protected":false},"author":3,"featured_media":2873,"comment_status":"closed","ping_status":"open","sticky":false,"template":"","format":"standard","meta":{"_et_pb_use_builder":"on","_et_pb_old_content":"","_et_gb_content_width":"","footnotes":""},"categories":[28],"tags":[108,68,112],"class_list":["post-2881","post","type-post","status-publish","format-standard","has-post-thumbnail","hentry","category-lifestyle-pt-pt","tag-praia-das-macas-pt-pt","tag-sintra-pt-pt","tag-visit-sintra-pt-pt-2"],"yoast_head":"<!-- This site is optimized with the Yoast SEO plugin v26.2 - https:\/\/yoast.com\/wordpress\/plugins\/seo\/ -->\n<title>A pitoresca Praia das Ma\u00e7\u00e3s - Hedone Pituresca Praia das Ma\u00e7\u00e3s<\/title>\n<meta name=\"description\" content=\"\u00c9 ver\u00e3o e a praia \u00e9 um destino \u00f3bvio em Portugal. A Praia das Ma\u00e7\u00e3s \u00e9 uma pitoresca aldeia costeira situada em Sintra.\" \/>\n<meta name=\"robots\" content=\"index, follow, max-snippet:-1, max-image-preview:large, max-video-preview:-1\" \/>\n<link rel=\"canonical\" href=\"https:\/\/hedone.pt\/pt-pt\/a-pitoresca-praia-das-macas\/\" \/>\n<meta property=\"og:locale\" content=\"pt_PT\" \/>\n<meta property=\"og:type\" content=\"article\" \/>\n<meta property=\"og:title\" content=\"A pitoresca Praia das Ma\u00e7\u00e3s - Hedone Pituresca Praia das Ma\u00e7\u00e3s\" \/>\n<meta property=\"og:description\" content=\"\u00c9 ver\u00e3o e a praia \u00e9 um destino \u00f3bvio em Portugal. A Praia das Ma\u00e7\u00e3s \u00e9 uma pitoresca aldeia costeira situada em Sintra.\" \/>\n<meta property=\"og:url\" content=\"https:\/\/hedone.pt\/pt-pt\/a-pitoresca-praia-das-macas\/\" \/>\n<meta property=\"og:site_name\" content=\"Hedone\" \/>\n<meta property=\"article:publisher\" content=\"https:\/\/www.facebook.com\/profile.php?id=61551012387703\" \/>\n<meta property=\"article:published_time\" content=\"2024-06-30T20:30:27+00:00\" \/>\n<meta property=\"article:modified_time\" content=\"2024-07-17T22:37:14+00:00\" \/>\n<meta property=\"og:image\" content=\"https:\/\/hedone.pt\/wp-content\/uploads\/2024\/06\/Praia-das-Macas.webp\" \/>\n\t<meta property=\"og:image:width\" content=\"1200\" \/>\n\t<meta property=\"og:image:height\" content=\"627\" \/>\n\t<meta property=\"og:image:type\" content=\"image\/webp\" \/>\n<meta name=\"author\" content=\"Hedone\" \/>\n<meta name=\"twitter:card\" content=\"summary_large_image\" \/>\n<meta name=\"twitter:label1\" content=\"Escrito por\" \/>\n\t<meta name=\"twitter:data1\" content=\"Hedone\" \/>\n\t<meta name=\"twitter:label2\" content=\"Tempo estimado de leitura\" \/>\n\t<meta name=\"twitter:data2\" content=\"1 minuto\" \/>\n<script type=\"application\/ld+json\" class=\"yoast-schema-graph\">{\"@context\":\"https:\/\/schema.org\",\"@graph\":[{\"@type\":\"Article\",\"@id\":\"https:\/\/hedone.pt\/pt-pt\/a-pitoresca-praia-das-macas\/#article\",\"isPartOf\":{\"@id\":\"https:\/\/hedone.pt\/pt-pt\/a-pitoresca-praia-das-macas\/\"},\"author\":{\"name\":\"Hedone\",\"@id\":\"https:\/\/hedone.pt\/pt-pt\/#\/schema\/person\/3a63140506bb493902f2f4db82aaf387\"},\"headline\":\"A pitoresca Praia das Ma\u00e7\u00e3s\",\"datePublished\":\"2024-06-30T20:30:27+00:00\",\"dateModified\":\"2024-07-17T22:37:14+00:00\",\"mainEntityOfPage\":{\"@id\":\"https:\/\/hedone.pt\/pt-pt\/a-pitoresca-praia-das-macas\/\"},\"wordCount\":304,\"publisher\":{\"@id\":\"https:\/\/hedone.pt\/pt-pt\/#organization\"},\"image\":{\"@id\":\"https:\/\/hedone.pt\/pt-pt\/a-pitoresca-praia-das-macas\/#primaryimage\"},\"thumbnailUrl\":\"https:\/\/hedone.pt\/wp-content\/uploads\/2024\/06\/Praia-das-Macas.webp\",\"keywords\":[\"praia das ma\u00e7\u00e3s\",\"sintra\",\"visit sintra\"],\"articleSection\":[\"Lifestyle\"],\"inLanguage\":\"pt-PT\"},{\"@type\":\"WebPage\",\"@id\":\"https:\/\/hedone.pt\/pt-pt\/a-pitoresca-praia-das-macas\/\",\"url\":\"https:\/\/hedone.pt\/pt-pt\/a-pitoresca-praia-das-macas\/\",\"name\":\"A pitoresca Praia das Ma\u00e7\u00e3s - Hedone Pituresca Praia das Ma\u00e7\u00e3s\",\"isPartOf\":{\"@id\":\"https:\/\/hedone.pt\/pt-pt\/#website\"},\"primaryImageOfPage\":{\"@id\":\"https:\/\/hedone.pt\/pt-pt\/a-pitoresca-praia-das-macas\/#primaryimage\"},\"image\":{\"@id\":\"https:\/\/hedone.pt\/pt-pt\/a-pitoresca-praia-das-macas\/#primaryimage\"},\"thumbnailUrl\":\"https:\/\/hedone.pt\/wp-content\/uploads\/2024\/06\/Praia-das-Macas.webp\",\"datePublished\":\"2024-06-30T20:30:27+00:00\",\"dateModified\":\"2024-07-17T22:37:14+00:00\",\"description\":\"\u00c9 ver\u00e3o e a praia \u00e9 um destino \u00f3bvio em Portugal. A Praia das Ma\u00e7\u00e3s \u00e9 uma pitoresca aldeia costeira situada em Sintra.\",\"breadcrumb\":{\"@id\":\"https:\/\/hedone.pt\/pt-pt\/a-pitoresca-praia-das-macas\/#breadcrumb\"},\"inLanguage\":\"pt-PT\",\"potentialAction\":[{\"@type\":\"ReadAction\",\"target\":[\"https:\/\/hedone.pt\/pt-pt\/a-pitoresca-praia-das-macas\/\"]}]},{\"@type\":\"ImageObject\",\"inLanguage\":\"pt-PT\",\"@id\":\"https:\/\/hedone.pt\/pt-pt\/a-pitoresca-praia-das-macas\/#primaryimage\",\"url\":\"https:\/\/hedone.pt\/wp-content\/uploads\/2024\/06\/Praia-das-Macas.webp\",\"contentUrl\":\"https:\/\/hedone.pt\/wp-content\/uploads\/2024\/06\/Praia-das-Macas.webp\",\"width\":1200,\"height\":627,\"caption\":\"Praia das Mac\u0327\u00e3s\"},{\"@type\":\"BreadcrumbList\",\"@id\":\"https:\/\/hedone.pt\/pt-pt\/a-pitoresca-praia-das-macas\/#breadcrumb\",\"itemListElement\":[{\"@type\":\"ListItem\",\"position\":1,\"name\":\"Home\",\"item\":\"https:\/\/hedone.pt\/pt-pt\/\"},{\"@type\":\"ListItem\",\"position\":2,\"name\":\"A pitoresca Praia das Ma\u00e7\u00e3s\"}]},{\"@type\":\"WebSite\",\"@id\":\"https:\/\/hedone.pt\/pt-pt\/#website\",\"url\":\"https:\/\/hedone.pt\/pt-pt\/\",\"name\":\"Hedone\",\"description\":\"Go everywhere but start here\",\"publisher\":{\"@id\":\"https:\/\/hedone.pt\/pt-pt\/#organization\"},\"potentialAction\":[{\"@type\":\"SearchAction\",\"target\":{\"@type\":\"EntryPoint\",\"urlTemplate\":\"https:\/\/hedone.pt\/pt-pt\/?s={search_term_string}\"},\"query-input\":{\"@type\":\"PropertyValueSpecification\",\"valueRequired\":true,\"valueName\":\"search_term_string\"}}],\"inLanguage\":\"pt-PT\"},{\"@type\":\"Organization\",\"@id\":\"https:\/\/hedone.pt\/pt-pt\/#organization\",\"name\":\"Hedone\",\"url\":\"https:\/\/hedone.pt\/pt-pt\/\",\"logo\":{\"@type\":\"ImageObject\",\"inLanguage\":\"pt-PT\",\"@id\":\"https:\/\/hedone.pt\/pt-pt\/#\/schema\/logo\/image\/\",\"url\":\"https:\/\/hedone.pt\/wp-content\/uploads\/2023\/01\/Hedone_Logotipo_SemFundo-e1674658481593.png\",\"contentUrl\":\"https:\/\/hedone.pt\/wp-content\/uploads\/2023\/01\/Hedone_Logotipo_SemFundo-e1674658481593.png\",\"width\":1175,\"height\":869,\"caption\":\"Hedone\"},\"image\":{\"@id\":\"https:\/\/hedone.pt\/pt-pt\/#\/schema\/logo\/image\/\"},\"sameAs\":[\"https:\/\/www.facebook.com\/profile.php?id=61551012387703\",\"https:\/\/www.instagram.com\/hedone_properties\/\",\"https:\/\/api.whatsapp.com\/send\/?phone=351929061490&text&type=phone_number&app_absent=0\"]},{\"@type\":\"Person\",\"@id\":\"https:\/\/hedone.pt\/pt-pt\/#\/schema\/person\/3a63140506bb493902f2f4db82aaf387\",\"name\":\"Hedone\",\"image\":{\"@type\":\"ImageObject\",\"inLanguage\":\"pt-PT\",\"@id\":\"https:\/\/hedone.pt\/pt-pt\/#\/schema\/person\/image\/\",\"url\":\"https:\/\/secure.gravatar.com\/avatar\/418f74acd1f1514b31d4d2a99f5fa546f89775d2ac0f931151cb25a8986b8942?s=96&d=mm&r=g\",\"contentUrl\":\"https:\/\/secure.gravatar.com\/avatar\/418f74acd1f1514b31d4d2a99f5fa546f89775d2ac0f931151cb25a8986b8942?s=96&d=mm&r=g\",\"caption\":\"Hedone\"},\"url\":\"https:\/\/hedone.pt\/pt-pt\/author\/hedone-adm\/\"}]}<\/script>\n<!-- \/ Yoast SEO plugin. -->","yoast_head_json":{"title":"A pitoresca Praia das Ma\u00e7\u00e3s - Hedone Pituresca Praia das Ma\u00e7\u00e3s","description":"\u00c9 ver\u00e3o e a praia \u00e9 um destino \u00f3bvio em Portugal. A Praia das Ma\u00e7\u00e3s \u00e9 uma pitoresca aldeia costeira situada em Sintra.","robots":{"index":"index","follow":"follow","max-snippet":"max-snippet:-1","max-image-preview":"max-image-preview:large","max-video-preview":"max-video-preview:-1"},"canonical":"https:\/\/hedone.pt\/pt-pt\/a-pitoresca-praia-das-macas\/","og_locale":"pt_PT","og_type":"article","og_title":"A pitoresca Praia das Ma\u00e7\u00e3s - Hedone Pituresca Praia das Ma\u00e7\u00e3s","og_description":"\u00c9 ver\u00e3o e a praia \u00e9 um destino \u00f3bvio em Portugal. A Praia das Ma\u00e7\u00e3s \u00e9 uma pitoresca aldeia costeira situada em Sintra.","og_url":"https:\/\/hedone.pt\/pt-pt\/a-pitoresca-praia-das-macas\/","og_site_name":"Hedone","article_publisher":"https:\/\/www.facebook.com\/profile.php?id=61551012387703","article_published_time":"2024-06-30T20:30:27+00:00","article_modified_time":"2024-07-17T22:37:14+00:00","og_image":[{"width":1200,"height":627,"url":"https:\/\/hedone.pt\/wp-content\/uploads\/2024\/06\/Praia-das-Macas.webp","type":"image\/webp"}],"author":"Hedone","twitter_card":"summary_large_image","twitter_misc":{"Escrito por":"Hedone","Tempo estimado de leitura":"1 minuto"},"schema":{"@context":"https:\/\/schema.org","@graph":[{"@type":"Article","@id":"https:\/\/hedone.pt\/pt-pt\/a-pitoresca-praia-das-macas\/#article","isPartOf":{"@id":"https:\/\/hedone.pt\/pt-pt\/a-pitoresca-praia-das-macas\/"},"author":{"name":"Hedone","@id":"https:\/\/hedone.pt\/pt-pt\/#\/schema\/person\/3a63140506bb493902f2f4db82aaf387"},"headline":"A pitoresca Praia das Ma\u00e7\u00e3s","datePublished":"2024-06-30T20:30:27+00:00","dateModified":"2024-07-17T22:37:14+00:00","mainEntityOfPage":{"@id":"https:\/\/hedone.pt\/pt-pt\/a-pitoresca-praia-das-macas\/"},"wordCount":304,"publisher":{"@id":"https:\/\/hedone.pt\/pt-pt\/#organization"},"image":{"@id":"https:\/\/hedone.pt\/pt-pt\/a-pitoresca-praia-das-macas\/#primaryimage"},"thumbnailUrl":"https:\/\/hedone.pt\/wp-content\/uploads\/2024\/06\/Praia-das-Macas.webp","keywords":["praia das ma\u00e7\u00e3s","sintra","visit sintra"],"articleSection":["Lifestyle"],"inLanguage":"pt-PT"},{"@type":"WebPage","@id":"https:\/\/hedone.pt\/pt-pt\/a-pitoresca-praia-das-macas\/","url":"https:\/\/hedone.pt\/pt-pt\/a-pitoresca-praia-das-macas\/","name":"A pitoresca Praia das Ma\u00e7\u00e3s - Hedone Pituresca Praia das Ma\u00e7\u00e3s","isPartOf":{"@id":"https:\/\/hedone.pt\/pt-pt\/#website"},"primaryImageOfPage":{"@id":"https:\/\/hedone.pt\/pt-pt\/a-pitoresca-praia-das-macas\/#primaryimage"},"image":{"@id":"https:\/\/hedone.pt\/pt-pt\/a-pitoresca-praia-das-macas\/#primaryimage"},"thumbnailUrl":"https:\/\/hedone.pt\/wp-content\/uploads\/2024\/06\/Praia-das-Macas.webp","datePublished":"2024-06-30T20:30:27+00:00","dateModified":"2024-07-17T22:37:14+00:00","description":"\u00c9 ver\u00e3o e a praia \u00e9 um destino \u00f3bvio em Portugal. A Praia das Ma\u00e7\u00e3s \u00e9 uma pitoresca aldeia costeira situada em Sintra.","breadcrumb":{"@id":"https:\/\/hedone.pt\/pt-pt\/a-pitoresca-praia-das-macas\/#breadcrumb"},"inLanguage":"pt-PT","potentialAction":[{"@type":"ReadAction","target":["https:\/\/hedone.pt\/pt-pt\/a-pitoresca-praia-das-macas\/"]}]},{"@type":"ImageObject","inLanguage":"pt-PT","@id":"https:\/\/hedone.pt\/pt-pt\/a-pitoresca-praia-das-macas\/#primaryimage","url":"https:\/\/hedone.pt\/wp-content\/uploads\/2024\/06\/Praia-das-Macas.webp","contentUrl":"https:\/\/hedone.pt\/wp-content\/uploads\/2024\/06\/Praia-das-Macas.webp","width":1200,"height":627,"caption":"Praia das Mac\u0327\u00e3s"},{"@type":"BreadcrumbList","@id":"https:\/\/hedone.pt\/pt-pt\/a-pitoresca-praia-das-macas\/#breadcrumb","itemListElement":[{"@type":"ListItem","position":1,"name":"Home","item":"https:\/\/hedone.pt\/pt-pt\/"},{"@type":"ListItem","position":2,"name":"A pitoresca Praia das Ma\u00e7\u00e3s"}]},{"@type":"WebSite","@id":"https:\/\/hedone.pt\/pt-pt\/#website","url":"https:\/\/hedone.pt\/pt-pt\/","name":"Hedone","description":"Go everywhere but start here","publisher":{"@id":"https:\/\/hedone.pt\/pt-pt\/#organization"},"potentialAction":[{"@type":"SearchAction","target":{"@type":"EntryPoint","urlTemplate":"https:\/\/hedone.pt\/pt-pt\/?s={search_term_string}"},"query-input":{"@type":"PropertyValueSpecification","valueRequired":true,"valueName":"search_term_string"}}],"inLanguage":"pt-PT"},{"@type":"Organization","@id":"https:\/\/hedone.pt\/pt-pt\/#organization","name":"Hedone","url":"https:\/\/hedone.pt\/pt-pt\/","logo":{"@type":"ImageObject","inLanguage":"pt-PT","@id":"https:\/\/hedone.pt\/pt-pt\/#\/schema\/logo\/image\/","url":"https:\/\/hedone.pt\/wp-content\/uploads\/2023\/01\/Hedone_Logotipo_SemFundo-e1674658481593.png","contentUrl":"https:\/\/hedone.pt\/wp-content\/uploads\/2023\/01\/Hedone_Logotipo_SemFundo-e1674658481593.png","width":1175,"height":869,"caption":"Hedone"},"image":{"@id":"https:\/\/hedone.pt\/pt-pt\/#\/schema\/logo\/image\/"},"sameAs":["https:\/\/www.facebook.com\/profile.php?id=61551012387703","https:\/\/www.instagram.com\/hedone_properties\/","https:\/\/api.whatsapp.com\/send\/?phone=351929061490&text&type=phone_number&app_absent=0"]},{"@type":"Person","@id":"https:\/\/hedone.pt\/pt-pt\/#\/schema\/person\/3a63140506bb493902f2f4db82aaf387","name":"Hedone","image":{"@type":"ImageObject","inLanguage":"pt-PT","@id":"https:\/\/hedone.pt\/pt-pt\/#\/schema\/person\/image\/","url":"https:\/\/secure.gravatar.com\/avatar\/418f74acd1f1514b31d4d2a99f5fa546f89775d2ac0f931151cb25a8986b8942?s=96&d=mm&r=g","contentUrl":"https:\/\/secure.gravatar.com\/avatar\/418f74acd1f1514b31d4d2a99f5fa546f89775d2ac0f931151cb25a8986b8942?s=96&d=mm&r=g","caption":"Hedone"},"url":"https:\/\/hedone.pt\/pt-pt\/author\/hedone-adm\/"}]}},"_links":{"self":[{"href":"https:\/\/hedone.pt\/pt-pt\/wp-json\/wp\/v2\/posts\/2881","targetHints":{"allow":["GET"]}}],"collection":[{"href":"https:\/\/hedone.pt\/pt-pt\/wp-json\/wp\/v2\/posts"}],"about":[{"href":"https:\/\/hedone.pt\/pt-pt\/wp-json\/wp\/v2\/types\/post"}],"author":[{"embeddable":true,"href":"https:\/\/hedone.pt\/pt-pt\/wp-json\/wp\/v2\/users\/3"}],"replies":[{"embeddable":true,"href":"https:\/\/hedone.pt\/pt-pt\/wp-json\/wp\/v2\/comments?post=2881"}],"version-history":[{"count":7,"href":"https:\/\/hedone.pt\/pt-pt\/wp-json\/wp\/v2\/posts\/2881\/revisions"}],"predecessor-version":[{"id":2897,"href":"https:\/\/hedone.pt\/pt-pt\/wp-json\/wp\/v2\/posts\/2881\/revisions\/2897"}],"wp:featuredmedia":[{"embeddable":true,"href":"https:\/\/hedone.pt\/pt-pt\/wp-json\/wp\/v2\/media\/2873"}],"wp:attachment":[{"href":"https:\/\/hedone.pt\/pt-pt\/wp-json\/wp\/v2\/media?parent=2881"}],"wp:term":[{"taxonomy":"category","embeddable":true,"href":"https:\/\/hedone.pt\/pt-pt\/wp-json\/wp\/v2\/categories?post=2881"},{"taxonomy":"post_tag","embeddable":true,"href":"https:\/\/hedone.pt\/pt-pt\/wp-json\/wp\/v2\/tags?post=2881"}],"curies":[{"name":"wp","href":"https:\/\/api.w.org\/{rel}","templated":true}]}}