{"id":2917,"date":"2024-09-11T18:23:19","date_gmt":"2024-09-11T18:23:19","guid":{"rendered":"https:\/\/hedone.pt\/?p=2917"},"modified":"2024-09-29T18:17:20","modified_gmt":"2024-09-29T18:17:20","slug":"festival-de-opera-de-obidos","status":"publish","type":"post","link":"https:\/\/hedone.pt\/pt-pt\/festival-de-opera-de-obidos\/","title":{"rendered":"Festival de \u00d3pera de \u00d3bidos"},"content":{"rendered":"<p>[et_pb_section fb_built=&#8221;1&#8243; _builder_version=&#8221;4.21.0&#8243; _module_preset=&#8221;default&#8221; background_color=&#8221;#260B0B&#8221; custom_margin=&#8221;||-50px||false|false&#8221; custom_padding=&#8221;||||false|false&#8221; global_colors_info=&#8221;{}&#8221;][et_pb_row _builder_version=&#8221;4.19.4&#8243; _module_preset=&#8221;default&#8221; global_colors_info=&#8221;{}&#8221;][et_pb_column type=&#8221;4_4&#8243; _builder_version=&#8221;4.19.4&#8243; _module_preset=&#8221;default&#8221; global_colors_info=&#8221;{}&#8221;][et_pb_post_title meta=&#8221;off&#8221; featured_image=&#8221;off&#8221; _builder_version=&#8221;4.19.4&#8243; _module_preset=&#8221;default&#8221; title_font=&#8221;|800|||||||&#8221; title_font_size=&#8221;36px&#8221; background_color=&#8221;RGBA(255,255,255,0)&#8221; global_colors_info=&#8221;{}&#8221;][\/et_pb_post_title][et_pb_text _builder_version=&#8221;4.27.0&#8243; _module_preset=&#8221;default&#8221; hover_enabled=&#8221;0&#8243; global_colors_info=&#8221;{}&#8221; sticky_enabled=&#8221;0&#8243;]<\/p>\n<p style=\"font-weight: 400;\">A edi\u00e7\u00e3o de 2024 do muito aguardado Festival de \u00d3pera de \u00d3bidos (FOO) decorrer\u00e1 de 6 a 15 de setembro. A abertura ser\u00e1 com a \u00f3pera de tango \u201cMar\u00eda de Buenos Aires\u201d, de Astor Piazzolla, com libreto do poeta uruguaio-argentino Horacio Ferrer. Este espet\u00e1culo teatral\/musical simboliza, ao ritmo do tango, a luta, a paix\u00e3o e a resili\u00eancia das mulheres na vibrante Argentina de Piazzolla. Dirigido por Daniel Schvetz, conta com a participa\u00e7\u00e3o de Ana Ester Neves (solista soprano), Christian Luj\u00e1n (solista bar\u00edtono) e Guido Lisioli (solista recitante), entre outros. Os espect\u00e1culos realizam-se nos dias 6 (21h00) e 8 (17h00) de setembro, na Pra\u00e7a da Criatividade, em \u00d3bidos.    <\/p>\n<p style=\"font-weight: 400;\">No dia 7 de setembro, o P\u00e1tio do Convento de S\u00e3o Miguel, em Gaeiras, recebe \u201cO \u00daltimo Canto &#8211; Cam\u00f5es e o Destino\u201d, uma \u00f3pera de C\u00e9sar Viana, que assinala os 500 anos do nascimento do mais c\u00e9lebre poeta portugu\u00eas, Lu\u00eds de Cam\u00f5es. No dia 14 de setembro, o Festival apresenta uma gala de homenagem a Giacomo Puccini no centen\u00e1rio da sua morte (1858-1924). Ser\u00e3o interpretadas \u00e1rias famosas de \u00f3peras como La Boh\u00e8me, Tosca e Madama Butterfly, bem como melodias emocionantes e reconhec\u00edveis das obras-primas de Puccini. A gala ter\u00e1 lugar num local ao ar livre em Olhos d&#8217;\u00c1gua, Olho Marinho, a partir das 21 horas.   <\/p>\n<p><span style=\"font-weight: 400;\">Se precisar de um lugar para ficar perto de \u00d3bidos, n\u00e3o procure mais do que a propriedade Hedone na Praia D&#8217;El Rey, a apenas 10 minutos de carro.<\/span><\/p>\n<p>Hedone is Home.<\/p>\n<p>[\/et_pb_text][\/et_pb_column][\/et_pb_row][\/et_pb_section]<\/p>\n","protected":false},"excerpt":{"rendered":"<p>A edi\u00e7\u00e3o de 2024 do muito aguardado Festival de \u00d3pera de \u00d3bidos (FOO) decorrer\u00e1 de 6 a 15 de setembro. A abertura ser\u00e1 com a \u00f3pera de tango \u201cMar\u00eda de Buenos Aires\u201d, de Astor Piazzolla, com libreto do poeta uruguaio-argentino Horacio Ferrer. Este espet\u00e1culo teatral\/musical simboliza, ao ritmo do tango, a luta, a paix\u00e3o e [&hellip;]<\/p>\n","protected":false},"author":3,"featured_media":2911,"comment_status":"closed","ping_status":"open","sticky":false,"template":"","format":"standard","meta":{"_et_pb_use_builder":"on","_et_pb_old_content":"","_et_gb_content_width":"","footnotes":""},"categories":[28],"tags":[215,216,73,214],"class_list":["post-2917","post","type-post","status-publish","format-standard","has-post-thumbnail","hentry","category-lifestyle-pt-pt","tag-astor-piazolla-pt-pt","tag-maria-de-buenos-aires-pt-pt","tag-obidos-pt-pt","tag-opera-pt-pt"],"yoast_head":"<!-- This site is optimized with the Yoast SEO plugin v26.2 - https:\/\/yoast.com\/wordpress\/plugins\/seo\/ -->\n<title>Festival de \u00d3pera de \u00d3bidos - Hedone Festival de Opera de \u00d3bidos<\/title>\n<meta name=\"description\" content=\"\u00c9 ver\u00e3o e a praia \u00e9 um destino \u00f3bvio em Portugal. A Praia das Ma\u00e7\u00e3s \u00e9 uma pitoresca aldeia costeira situada em Sintra.\" \/>\n<meta name=\"robots\" content=\"index, follow, max-snippet:-1, max-image-preview:large, max-video-preview:-1\" \/>\n<link rel=\"canonical\" href=\"https:\/\/hedone.pt\/pt-pt\/festival-de-opera-de-obidos\/\" \/>\n<meta property=\"og:locale\" content=\"pt_PT\" \/>\n<meta property=\"og:type\" content=\"article\" \/>\n<meta property=\"og:title\" content=\"Festival de \u00d3pera de \u00d3bidos - Hedone Festival de Opera de \u00d3bidos\" \/>\n<meta property=\"og:description\" content=\"\u00c9 ver\u00e3o e a praia \u00e9 um destino \u00f3bvio em Portugal. A Praia das Ma\u00e7\u00e3s \u00e9 uma pitoresca aldeia costeira situada em Sintra.\" \/>\n<meta property=\"og:url\" content=\"https:\/\/hedone.pt\/pt-pt\/festival-de-opera-de-obidos\/\" \/>\n<meta property=\"og:site_name\" content=\"Hedone\" \/>\n<meta property=\"article:publisher\" content=\"https:\/\/www.facebook.com\/profile.php?id=61551012387703\" \/>\n<meta property=\"article:published_time\" content=\"2024-09-11T18:23:19+00:00\" \/>\n<meta property=\"article:modified_time\" content=\"2024-09-29T18:17:20+00:00\" \/>\n<meta property=\"og:image\" content=\"https:\/\/hedone.pt\/wp-content\/uploads\/2024\/09\/Opera-Obidos.webp\" \/>\n\t<meta property=\"og:image:width\" content=\"1200\" \/>\n\t<meta property=\"og:image:height\" content=\"627\" \/>\n\t<meta property=\"og:image:type\" content=\"image\/webp\" \/>\n<meta name=\"author\" content=\"Hedone\" \/>\n<meta name=\"twitter:card\" content=\"summary_large_image\" \/>\n<meta name=\"twitter:label1\" content=\"Escrito por\" \/>\n\t<meta name=\"twitter:data1\" content=\"Hedone\" \/>\n\t<meta name=\"twitter:label2\" content=\"Tempo estimado de leitura\" \/>\n\t<meta name=\"twitter:data2\" content=\"2 minutos\" \/>\n<script type=\"application\/ld+json\" class=\"yoast-schema-graph\">{\"@context\":\"https:\/\/schema.org\",\"@graph\":[{\"@type\":\"Article\",\"@id\":\"https:\/\/hedone.pt\/pt-pt\/festival-de-opera-de-obidos\/#article\",\"isPartOf\":{\"@id\":\"https:\/\/hedone.pt\/pt-pt\/festival-de-opera-de-obidos\/\"},\"author\":{\"name\":\"Hedone\",\"@id\":\"https:\/\/hedone.pt\/pt-pt\/#\/schema\/person\/3a63140506bb493902f2f4db82aaf387\"},\"headline\":\"Festival de \u00d3pera de \u00d3bidos\",\"datePublished\":\"2024-09-11T18:23:19+00:00\",\"dateModified\":\"2024-09-29T18:17:20+00:00\",\"mainEntityOfPage\":{\"@id\":\"https:\/\/hedone.pt\/pt-pt\/festival-de-opera-de-obidos\/\"},\"wordCount\":371,\"publisher\":{\"@id\":\"https:\/\/hedone.pt\/pt-pt\/#organization\"},\"image\":{\"@id\":\"https:\/\/hedone.pt\/pt-pt\/festival-de-opera-de-obidos\/#primaryimage\"},\"thumbnailUrl\":\"https:\/\/hedone.pt\/wp-content\/uploads\/2024\/09\/Opera-Obidos.webp\",\"keywords\":[\"Astor Piazolla\",\"Maria de Buenos Aires\",\"\u00f3bidos\",\"\u00d3pera\"],\"articleSection\":[\"Lifestyle\"],\"inLanguage\":\"pt-PT\"},{\"@type\":\"WebPage\",\"@id\":\"https:\/\/hedone.pt\/pt-pt\/festival-de-opera-de-obidos\/\",\"url\":\"https:\/\/hedone.pt\/pt-pt\/festival-de-opera-de-obidos\/\",\"name\":\"Festival de \u00d3pera de \u00d3bidos - Hedone Festival de Opera de \u00d3bidos\",\"isPartOf\":{\"@id\":\"https:\/\/hedone.pt\/pt-pt\/#website\"},\"primaryImageOfPage\":{\"@id\":\"https:\/\/hedone.pt\/pt-pt\/festival-de-opera-de-obidos\/#primaryimage\"},\"image\":{\"@id\":\"https:\/\/hedone.pt\/pt-pt\/festival-de-opera-de-obidos\/#primaryimage\"},\"thumbnailUrl\":\"https:\/\/hedone.pt\/wp-content\/uploads\/2024\/09\/Opera-Obidos.webp\",\"datePublished\":\"2024-09-11T18:23:19+00:00\",\"dateModified\":\"2024-09-29T18:17:20+00:00\",\"description\":\"\u00c9 ver\u00e3o e a praia \u00e9 um destino \u00f3bvio em Portugal. A Praia das Ma\u00e7\u00e3s \u00e9 uma pitoresca aldeia costeira situada em Sintra.\",\"breadcrumb\":{\"@id\":\"https:\/\/hedone.pt\/pt-pt\/festival-de-opera-de-obidos\/#breadcrumb\"},\"inLanguage\":\"pt-PT\",\"potentialAction\":[{\"@type\":\"ReadAction\",\"target\":[\"https:\/\/hedone.pt\/pt-pt\/festival-de-opera-de-obidos\/\"]}]},{\"@type\":\"ImageObject\",\"inLanguage\":\"pt-PT\",\"@id\":\"https:\/\/hedone.pt\/pt-pt\/festival-de-opera-de-obidos\/#primaryimage\",\"url\":\"https:\/\/hedone.pt\/wp-content\/uploads\/2024\/09\/Opera-Obidos.webp\",\"contentUrl\":\"https:\/\/hedone.pt\/wp-content\/uploads\/2024\/09\/Opera-Obidos.webp\",\"width\":1200,\"height\":627,\"caption\":\"\u00d3bidos Opera Festival\"},{\"@type\":\"BreadcrumbList\",\"@id\":\"https:\/\/hedone.pt\/pt-pt\/festival-de-opera-de-obidos\/#breadcrumb\",\"itemListElement\":[{\"@type\":\"ListItem\",\"position\":1,\"name\":\"Home\",\"item\":\"https:\/\/hedone.pt\/pt-pt\/\"},{\"@type\":\"ListItem\",\"position\":2,\"name\":\"Festival de \u00d3pera de \u00d3bidos\"}]},{\"@type\":\"WebSite\",\"@id\":\"https:\/\/hedone.pt\/pt-pt\/#website\",\"url\":\"https:\/\/hedone.pt\/pt-pt\/\",\"name\":\"Hedone\",\"description\":\"Go everywhere but start here\",\"publisher\":{\"@id\":\"https:\/\/hedone.pt\/pt-pt\/#organization\"},\"potentialAction\":[{\"@type\":\"SearchAction\",\"target\":{\"@type\":\"EntryPoint\",\"urlTemplate\":\"https:\/\/hedone.pt\/pt-pt\/?s={search_term_string}\"},\"query-input\":{\"@type\":\"PropertyValueSpecification\",\"valueRequired\":true,\"valueName\":\"search_term_string\"}}],\"inLanguage\":\"pt-PT\"},{\"@type\":\"Organization\",\"@id\":\"https:\/\/hedone.pt\/pt-pt\/#organization\",\"name\":\"Hedone\",\"url\":\"https:\/\/hedone.pt\/pt-pt\/\",\"logo\":{\"@type\":\"ImageObject\",\"inLanguage\":\"pt-PT\",\"@id\":\"https:\/\/hedone.pt\/pt-pt\/#\/schema\/logo\/image\/\",\"url\":\"https:\/\/hedone.pt\/wp-content\/uploads\/2023\/01\/Hedone_Logotipo_SemFundo-e1674658481593.png\",\"contentUrl\":\"https:\/\/hedone.pt\/wp-content\/uploads\/2023\/01\/Hedone_Logotipo_SemFundo-e1674658481593.png\",\"width\":1175,\"height\":869,\"caption\":\"Hedone\"},\"image\":{\"@id\":\"https:\/\/hedone.pt\/pt-pt\/#\/schema\/logo\/image\/\"},\"sameAs\":[\"https:\/\/www.facebook.com\/profile.php?id=61551012387703\",\"https:\/\/www.instagram.com\/hedone_properties\/\",\"https:\/\/api.whatsapp.com\/send\/?phone=351929061490&text&type=phone_number&app_absent=0\"]},{\"@type\":\"Person\",\"@id\":\"https:\/\/hedone.pt\/pt-pt\/#\/schema\/person\/3a63140506bb493902f2f4db82aaf387\",\"name\":\"Hedone\",\"image\":{\"@type\":\"ImageObject\",\"inLanguage\":\"pt-PT\",\"@id\":\"https:\/\/hedone.pt\/pt-pt\/#\/schema\/person\/image\/\",\"url\":\"https:\/\/secure.gravatar.com\/avatar\/418f74acd1f1514b31d4d2a99f5fa546f89775d2ac0f931151cb25a8986b8942?s=96&d=mm&r=g\",\"contentUrl\":\"https:\/\/secure.gravatar.com\/avatar\/418f74acd1f1514b31d4d2a99f5fa546f89775d2ac0f931151cb25a8986b8942?s=96&d=mm&r=g\",\"caption\":\"Hedone\"},\"url\":\"https:\/\/hedone.pt\/pt-pt\/author\/hedone-adm\/\"}]}<\/script>\n<!-- \/ Yoast SEO plugin. -->","yoast_head_json":{"title":"Festival de \u00d3pera de \u00d3bidos - Hedone Festival de Opera de \u00d3bidos","description":"\u00c9 ver\u00e3o e a praia \u00e9 um destino \u00f3bvio em Portugal. A Praia das Ma\u00e7\u00e3s \u00e9 uma pitoresca aldeia costeira situada em Sintra.","robots":{"index":"index","follow":"follow","max-snippet":"max-snippet:-1","max-image-preview":"max-image-preview:large","max-video-preview":"max-video-preview:-1"},"canonical":"https:\/\/hedone.pt\/pt-pt\/festival-de-opera-de-obidos\/","og_locale":"pt_PT","og_type":"article","og_title":"Festival de \u00d3pera de \u00d3bidos - Hedone Festival de Opera de \u00d3bidos","og_description":"\u00c9 ver\u00e3o e a praia \u00e9 um destino \u00f3bvio em Portugal. A Praia das Ma\u00e7\u00e3s \u00e9 uma pitoresca aldeia costeira situada em Sintra.","og_url":"https:\/\/hedone.pt\/pt-pt\/festival-de-opera-de-obidos\/","og_site_name":"Hedone","article_publisher":"https:\/\/www.facebook.com\/profile.php?id=61551012387703","article_published_time":"2024-09-11T18:23:19+00:00","article_modified_time":"2024-09-29T18:17:20+00:00","og_image":[{"width":1200,"height":627,"url":"https:\/\/hedone.pt\/wp-content\/uploads\/2024\/09\/Opera-Obidos.webp","type":"image\/webp"}],"author":"Hedone","twitter_card":"summary_large_image","twitter_misc":{"Escrito por":"Hedone","Tempo estimado de leitura":"2 minutos"},"schema":{"@context":"https:\/\/schema.org","@graph":[{"@type":"Article","@id":"https:\/\/hedone.pt\/pt-pt\/festival-de-opera-de-obidos\/#article","isPartOf":{"@id":"https:\/\/hedone.pt\/pt-pt\/festival-de-opera-de-obidos\/"},"author":{"name":"Hedone","@id":"https:\/\/hedone.pt\/pt-pt\/#\/schema\/person\/3a63140506bb493902f2f4db82aaf387"},"headline":"Festival de \u00d3pera de \u00d3bidos","datePublished":"2024-09-11T18:23:19+00:00","dateModified":"2024-09-29T18:17:20+00:00","mainEntityOfPage":{"@id":"https:\/\/hedone.pt\/pt-pt\/festival-de-opera-de-obidos\/"},"wordCount":371,"publisher":{"@id":"https:\/\/hedone.pt\/pt-pt\/#organization"},"image":{"@id":"https:\/\/hedone.pt\/pt-pt\/festival-de-opera-de-obidos\/#primaryimage"},"thumbnailUrl":"https:\/\/hedone.pt\/wp-content\/uploads\/2024\/09\/Opera-Obidos.webp","keywords":["Astor Piazolla","Maria de Buenos Aires","\u00f3bidos","\u00d3pera"],"articleSection":["Lifestyle"],"inLanguage":"pt-PT"},{"@type":"WebPage","@id":"https:\/\/hedone.pt\/pt-pt\/festival-de-opera-de-obidos\/","url":"https:\/\/hedone.pt\/pt-pt\/festival-de-opera-de-obidos\/","name":"Festival de \u00d3pera de \u00d3bidos - Hedone Festival de Opera de \u00d3bidos","isPartOf":{"@id":"https:\/\/hedone.pt\/pt-pt\/#website"},"primaryImageOfPage":{"@id":"https:\/\/hedone.pt\/pt-pt\/festival-de-opera-de-obidos\/#primaryimage"},"image":{"@id":"https:\/\/hedone.pt\/pt-pt\/festival-de-opera-de-obidos\/#primaryimage"},"thumbnailUrl":"https:\/\/hedone.pt\/wp-content\/uploads\/2024\/09\/Opera-Obidos.webp","datePublished":"2024-09-11T18:23:19+00:00","dateModified":"2024-09-29T18:17:20+00:00","description":"\u00c9 ver\u00e3o e a praia \u00e9 um destino \u00f3bvio em Portugal. A Praia das Ma\u00e7\u00e3s \u00e9 uma pitoresca aldeia costeira situada em Sintra.","breadcrumb":{"@id":"https:\/\/hedone.pt\/pt-pt\/festival-de-opera-de-obidos\/#breadcrumb"},"inLanguage":"pt-PT","potentialAction":[{"@type":"ReadAction","target":["https:\/\/hedone.pt\/pt-pt\/festival-de-opera-de-obidos\/"]}]},{"@type":"ImageObject","inLanguage":"pt-PT","@id":"https:\/\/hedone.pt\/pt-pt\/festival-de-opera-de-obidos\/#primaryimage","url":"https:\/\/hedone.pt\/wp-content\/uploads\/2024\/09\/Opera-Obidos.webp","contentUrl":"https:\/\/hedone.pt\/wp-content\/uploads\/2024\/09\/Opera-Obidos.webp","width":1200,"height":627,"caption":"\u00d3bidos Opera Festival"},{"@type":"BreadcrumbList","@id":"https:\/\/hedone.pt\/pt-pt\/festival-de-opera-de-obidos\/#breadcrumb","itemListElement":[{"@type":"ListItem","position":1,"name":"Home","item":"https:\/\/hedone.pt\/pt-pt\/"},{"@type":"ListItem","position":2,"name":"Festival de \u00d3pera de \u00d3bidos"}]},{"@type":"WebSite","@id":"https:\/\/hedone.pt\/pt-pt\/#website","url":"https:\/\/hedone.pt\/pt-pt\/","name":"Hedone","description":"Go everywhere but start here","publisher":{"@id":"https:\/\/hedone.pt\/pt-pt\/#organization"},"potentialAction":[{"@type":"SearchAction","target":{"@type":"EntryPoint","urlTemplate":"https:\/\/hedone.pt\/pt-pt\/?s={search_term_string}"},"query-input":{"@type":"PropertyValueSpecification","valueRequired":true,"valueName":"search_term_string"}}],"inLanguage":"pt-PT"},{"@type":"Organization","@id":"https:\/\/hedone.pt\/pt-pt\/#organization","name":"Hedone","url":"https:\/\/hedone.pt\/pt-pt\/","logo":{"@type":"ImageObject","inLanguage":"pt-PT","@id":"https:\/\/hedone.pt\/pt-pt\/#\/schema\/logo\/image\/","url":"https:\/\/hedone.pt\/wp-content\/uploads\/2023\/01\/Hedone_Logotipo_SemFundo-e1674658481593.png","contentUrl":"https:\/\/hedone.pt\/wp-content\/uploads\/2023\/01\/Hedone_Logotipo_SemFundo-e1674658481593.png","width":1175,"height":869,"caption":"Hedone"},"image":{"@id":"https:\/\/hedone.pt\/pt-pt\/#\/schema\/logo\/image\/"},"sameAs":["https:\/\/www.facebook.com\/profile.php?id=61551012387703","https:\/\/www.instagram.com\/hedone_properties\/","https:\/\/api.whatsapp.com\/send\/?phone=351929061490&text&type=phone_number&app_absent=0"]},{"@type":"Person","@id":"https:\/\/hedone.pt\/pt-pt\/#\/schema\/person\/3a63140506bb493902f2f4db82aaf387","name":"Hedone","image":{"@type":"ImageObject","inLanguage":"pt-PT","@id":"https:\/\/hedone.pt\/pt-pt\/#\/schema\/person\/image\/","url":"https:\/\/secure.gravatar.com\/avatar\/418f74acd1f1514b31d4d2a99f5fa546f89775d2ac0f931151cb25a8986b8942?s=96&d=mm&r=g","contentUrl":"https:\/\/secure.gravatar.com\/avatar\/418f74acd1f1514b31d4d2a99f5fa546f89775d2ac0f931151cb25a8986b8942?s=96&d=mm&r=g","caption":"Hedone"},"url":"https:\/\/hedone.pt\/pt-pt\/author\/hedone-adm\/"}]}},"_links":{"self":[{"href":"https:\/\/hedone.pt\/pt-pt\/wp-json\/wp\/v2\/posts\/2917","targetHints":{"allow":["GET"]}}],"collection":[{"href":"https:\/\/hedone.pt\/pt-pt\/wp-json\/wp\/v2\/posts"}],"about":[{"href":"https:\/\/hedone.pt\/pt-pt\/wp-json\/wp\/v2\/types\/post"}],"author":[{"embeddable":true,"href":"https:\/\/hedone.pt\/pt-pt\/wp-json\/wp\/v2\/users\/3"}],"replies":[{"embeddable":true,"href":"https:\/\/hedone.pt\/pt-pt\/wp-json\/wp\/v2\/comments?post=2917"}],"version-history":[{"count":14,"href":"https:\/\/hedone.pt\/pt-pt\/wp-json\/wp\/v2\/posts\/2917\/revisions"}],"predecessor-version":[{"id":2966,"href":"https:\/\/hedone.pt\/pt-pt\/wp-json\/wp\/v2\/posts\/2917\/revisions\/2966"}],"wp:featuredmedia":[{"embeddable":true,"href":"https:\/\/hedone.pt\/pt-pt\/wp-json\/wp\/v2\/media\/2911"}],"wp:attachment":[{"href":"https:\/\/hedone.pt\/pt-pt\/wp-json\/wp\/v2\/media?parent=2917"}],"wp:term":[{"taxonomy":"category","embeddable":true,"href":"https:\/\/hedone.pt\/pt-pt\/wp-json\/wp\/v2\/categories?post=2917"},{"taxonomy":"post_tag","embeddable":true,"href":"https:\/\/hedone.pt\/pt-pt\/wp-json\/wp\/v2\/tags?post=2917"}],"curies":[{"name":"wp","href":"https:\/\/api.w.org\/{rel}","templated":true}]}}