{"id":3103,"date":"2024-12-11T22:24:05","date_gmt":"2024-12-11T22:24:05","guid":{"rendered":"https:\/\/hedone.pt\/lagoa-de-obidos\/"},"modified":"2024-12-11T22:34:30","modified_gmt":"2024-12-11T22:34:30","slug":"lagoa-de-obidos","status":"publish","type":"post","link":"https:\/\/hedone.pt\/pt-pt\/lagoa-de-obidos\/","title":{"rendered":"Lagoa de \u00d3bidos"},"content":{"rendered":"<p>[et_pb_section fb_built=&#8221;1&#8243; _builder_version=&#8221;4.21.0&#8243; _module_preset=&#8221;default&#8221; background_color=&#8221;#260B0B&#8221; custom_margin=&#8221;||-50px||false|false&#8221; custom_padding=&#8221;||||false|false&#8221; global_colors_info=&#8221;{}&#8221;][et_pb_row _builder_version=&#8221;4.19.4&#8243; _module_preset=&#8221;default&#8221; global_colors_info=&#8221;{}&#8221;][et_pb_column type=&#8221;4_4&#8243; _builder_version=&#8221;4.19.4&#8243; _module_preset=&#8221;default&#8221; global_colors_info=&#8221;{}&#8221;][et_pb_post_title meta=&#8221;off&#8221; featured_image=&#8221;off&#8221; _builder_version=&#8221;4.19.4&#8243; _module_preset=&#8221;default&#8221; title_font=&#8221;|800|||||||&#8221; title_font_size=&#8221;36px&#8221; background_color=&#8221;RGBA(255,255,255,0)&#8221; global_colors_info=&#8221;{}&#8221;][\/et_pb_post_title][et_pb_text _builder_version=&#8221;4.27.0&#8243; _module_preset=&#8221;default&#8221; hover_enabled=&#8221;0&#8243; global_colors_info=&#8221;{}&#8221; sticky_enabled=&#8221;0&#8243;]<\/p>\n<p>A <strong>Lagoa de \u00d3bidos<\/strong> \u00e9 uma grande lagoa costeira situada no centro de Portugal, perto da vila de \u00d3bidos. \u00c9 uma das maiores, mais importantes e significativas do pa\u00eds, com uma \u00e1rea de cerca de 6,9 quil\u00f3metros quadrados. A lagoa \u00e9 formada pelo encontro da \u00e1gua doce do rio \u00d3bidos<br \/>e a \u00e1gua do mar do Oceano Atl\u00e2ntico, criando um ecossistema \u00fanico de \u00e1gua salobra.  <\/p>\n<p>\u00c9 um importante s\u00edtio ecol\u00f3gico, nomeadamente para a observa\u00e7\u00e3o de aves. Serve de<br \/>habitat de numerosas esp\u00e9cies de aves, incluindo esp\u00e9cies migrat\u00f3rias e o famoso flamingo. As \u00e1guas s\u00e3o o habitat de v\u00e1rios peixes e mariscos e as zonas h\u00famidas circundantes zonas suportam uma grande variedade de plantas. No geral, a Lagoa de \u00d3bidos \u00e9 uma zona tranquila e ecologicamente rica, o que a torna um destino atrativo para entusiastas da natureza, amantes de desportos aqu\u00e1ticos e para quem procura uma escapadela serena em Portugal.   <\/p>\n<p style=\"font-weight: 400;\">Venha visitar a <strong>Lagoa de \u00d3bidos <\/strong>e ficar na propriedade Hedone na <span style=\"text-decoration: underline;\"><a href=\"https:\/\/hedone.pt\/pt-pt\/hedone-praia-del-rey\/\">Praia Del Rey<\/a><\/span>, apenas a 15 minutos de carro.<\/p>\n<p>Hedone is Home.<\/p>\n<p>[\/et_pb_text][\/et_pb_column][\/et_pb_row][\/et_pb_section]<\/p>\n","protected":false},"excerpt":{"rendered":"<p>A Lagoa de \u00d3bidos \u00e9 uma grande lagoa costeira situada no centro de Portugal, perto da vila de \u00d3bidos.<\/p>\n","protected":false},"author":3,"featured_media":3097,"comment_status":"closed","ping_status":"open","sticky":false,"template":"","format":"standard","meta":{"_et_pb_use_builder":"on","_et_pb_old_content":"","_et_gb_content_width":"","footnotes":""},"categories":[28],"tags":[241,73,120],"class_list":["post-3103","post","type-post","status-publish","format-standard","has-post-thumbnail","hentry","category-lifestyle-pt-pt","tag-lagoa-pt-pt","tag-obidos-pt-pt","tag-praia-del-rey-pt-pt"],"yoast_head":"<!-- This site is optimized with the Yoast SEO plugin v26.2 - https:\/\/yoast.com\/wordpress\/plugins\/seo\/ -->\n<title>Lagoa de \u00d3bidos - Hedone<\/title>\n<meta name=\"description\" content=\"A Lagoa de \u00d3bidos \u00e9 uma grande lagoa costeira situada no centro de Portugal, perto da vila de \u00d3bidos.\" \/>\n<meta name=\"robots\" content=\"index, follow, max-snippet:-1, max-image-preview:large, max-video-preview:-1\" \/>\n<link rel=\"canonical\" href=\"https:\/\/hedone.pt\/pt-pt\/lagoa-de-obidos\/\" \/>\n<meta property=\"og:locale\" content=\"pt_PT\" \/>\n<meta property=\"og:type\" content=\"article\" \/>\n<meta property=\"og:title\" content=\"Lagoa de \u00d3bidos - Hedone\" \/>\n<meta property=\"og:description\" content=\"A Lagoa de \u00d3bidos \u00e9 uma grande lagoa costeira situada no centro de Portugal, perto da vila de \u00d3bidos.\" \/>\n<meta property=\"og:url\" content=\"https:\/\/hedone.pt\/pt-pt\/lagoa-de-obidos\/\" \/>\n<meta property=\"og:site_name\" content=\"Hedone\" \/>\n<meta property=\"article:publisher\" content=\"https:\/\/www.facebook.com\/profile.php?id=61551012387703\" \/>\n<meta property=\"article:published_time\" content=\"2024-12-11T22:24:05+00:00\" \/>\n<meta property=\"article:modified_time\" content=\"2024-12-11T22:34:30+00:00\" \/>\n<meta property=\"og:image\" content=\"https:\/\/hedone.pt\/wp-content\/uploads\/2024\/12\/Lagoa-Obidos.webp\" \/>\n\t<meta property=\"og:image:width\" content=\"1200\" \/>\n\t<meta property=\"og:image:height\" content=\"627\" \/>\n\t<meta property=\"og:image:type\" content=\"image\/webp\" \/>\n<meta name=\"author\" content=\"Hedone\" \/>\n<meta name=\"twitter:card\" content=\"summary_large_image\" \/>\n<meta name=\"twitter:label1\" content=\"Escrito por\" \/>\n\t<meta name=\"twitter:data1\" content=\"Hedone\" \/>\n\t<meta name=\"twitter:label2\" content=\"Tempo estimado de leitura\" \/>\n\t<meta name=\"twitter:data2\" content=\"1 minuto\" \/>\n<script type=\"application\/ld+json\" class=\"yoast-schema-graph\">{\"@context\":\"https:\/\/schema.org\",\"@graph\":[{\"@type\":\"Article\",\"@id\":\"https:\/\/hedone.pt\/pt-pt\/lagoa-de-obidos\/#article\",\"isPartOf\":{\"@id\":\"https:\/\/hedone.pt\/pt-pt\/lagoa-de-obidos\/\"},\"author\":{\"name\":\"Hedone\",\"@id\":\"https:\/\/hedone.pt\/pt-pt\/#\/schema\/person\/3a63140506bb493902f2f4db82aaf387\"},\"headline\":\"Lagoa de \u00d3bidos\",\"datePublished\":\"2024-12-11T22:24:05+00:00\",\"dateModified\":\"2024-12-11T22:34:30+00:00\",\"mainEntityOfPage\":{\"@id\":\"https:\/\/hedone.pt\/pt-pt\/lagoa-de-obidos\/\"},\"wordCount\":288,\"publisher\":{\"@id\":\"https:\/\/hedone.pt\/pt-pt\/#organization\"},\"image\":{\"@id\":\"https:\/\/hedone.pt\/pt-pt\/lagoa-de-obidos\/#primaryimage\"},\"thumbnailUrl\":\"https:\/\/hedone.pt\/wp-content\/uploads\/2024\/12\/Lagoa-Obidos.webp\",\"keywords\":[\"Lagoa\",\"\u00f3bidos\",\"Praia Del Rey\"],\"articleSection\":[\"Lifestyle\"],\"inLanguage\":\"pt-PT\"},{\"@type\":\"WebPage\",\"@id\":\"https:\/\/hedone.pt\/pt-pt\/lagoa-de-obidos\/\",\"url\":\"https:\/\/hedone.pt\/pt-pt\/lagoa-de-obidos\/\",\"name\":\"Lagoa de \u00d3bidos - Hedone\",\"isPartOf\":{\"@id\":\"https:\/\/hedone.pt\/pt-pt\/#website\"},\"primaryImageOfPage\":{\"@id\":\"https:\/\/hedone.pt\/pt-pt\/lagoa-de-obidos\/#primaryimage\"},\"image\":{\"@id\":\"https:\/\/hedone.pt\/pt-pt\/lagoa-de-obidos\/#primaryimage\"},\"thumbnailUrl\":\"https:\/\/hedone.pt\/wp-content\/uploads\/2024\/12\/Lagoa-Obidos.webp\",\"datePublished\":\"2024-12-11T22:24:05+00:00\",\"dateModified\":\"2024-12-11T22:34:30+00:00\",\"description\":\"A Lagoa de \u00d3bidos \u00e9 uma grande lagoa costeira situada no centro de Portugal, perto da vila de \u00d3bidos.\",\"breadcrumb\":{\"@id\":\"https:\/\/hedone.pt\/pt-pt\/lagoa-de-obidos\/#breadcrumb\"},\"inLanguage\":\"pt-PT\",\"potentialAction\":[{\"@type\":\"ReadAction\",\"target\":[\"https:\/\/hedone.pt\/pt-pt\/lagoa-de-obidos\/\"]}]},{\"@type\":\"ImageObject\",\"inLanguage\":\"pt-PT\",\"@id\":\"https:\/\/hedone.pt\/pt-pt\/lagoa-de-obidos\/#primaryimage\",\"url\":\"https:\/\/hedone.pt\/wp-content\/uploads\/2024\/12\/Lagoa-Obidos.webp\",\"contentUrl\":\"https:\/\/hedone.pt\/wp-content\/uploads\/2024\/12\/Lagoa-Obidos.webp\",\"width\":1200,\"height\":627,\"caption\":\"The Lagoa de \u00d3bidos\"},{\"@type\":\"BreadcrumbList\",\"@id\":\"https:\/\/hedone.pt\/pt-pt\/lagoa-de-obidos\/#breadcrumb\",\"itemListElement\":[{\"@type\":\"ListItem\",\"position\":1,\"name\":\"Home\",\"item\":\"https:\/\/hedone.pt\/pt-pt\/\"},{\"@type\":\"ListItem\",\"position\":2,\"name\":\"Lagoa de \u00d3bidos\"}]},{\"@type\":\"WebSite\",\"@id\":\"https:\/\/hedone.pt\/pt-pt\/#website\",\"url\":\"https:\/\/hedone.pt\/pt-pt\/\",\"name\":\"Hedone\",\"description\":\"Go everywhere but start here\",\"publisher\":{\"@id\":\"https:\/\/hedone.pt\/pt-pt\/#organization\"},\"potentialAction\":[{\"@type\":\"SearchAction\",\"target\":{\"@type\":\"EntryPoint\",\"urlTemplate\":\"https:\/\/hedone.pt\/pt-pt\/?s={search_term_string}\"},\"query-input\":{\"@type\":\"PropertyValueSpecification\",\"valueRequired\":true,\"valueName\":\"search_term_string\"}}],\"inLanguage\":\"pt-PT\"},{\"@type\":\"Organization\",\"@id\":\"https:\/\/hedone.pt\/pt-pt\/#organization\",\"name\":\"Hedone\",\"url\":\"https:\/\/hedone.pt\/pt-pt\/\",\"logo\":{\"@type\":\"ImageObject\",\"inLanguage\":\"pt-PT\",\"@id\":\"https:\/\/hedone.pt\/pt-pt\/#\/schema\/logo\/image\/\",\"url\":\"https:\/\/hedone.pt\/wp-content\/uploads\/2023\/01\/Hedone_Logotipo_SemFundo-e1674658481593.png\",\"contentUrl\":\"https:\/\/hedone.pt\/wp-content\/uploads\/2023\/01\/Hedone_Logotipo_SemFundo-e1674658481593.png\",\"width\":1175,\"height\":869,\"caption\":\"Hedone\"},\"image\":{\"@id\":\"https:\/\/hedone.pt\/pt-pt\/#\/schema\/logo\/image\/\"},\"sameAs\":[\"https:\/\/www.facebook.com\/profile.php?id=61551012387703\",\"https:\/\/www.instagram.com\/hedone_properties\/\",\"https:\/\/api.whatsapp.com\/send\/?phone=351929061490&text&type=phone_number&app_absent=0\"]},{\"@type\":\"Person\",\"@id\":\"https:\/\/hedone.pt\/pt-pt\/#\/schema\/person\/3a63140506bb493902f2f4db82aaf387\",\"name\":\"Hedone\",\"image\":{\"@type\":\"ImageObject\",\"inLanguage\":\"pt-PT\",\"@id\":\"https:\/\/hedone.pt\/pt-pt\/#\/schema\/person\/image\/\",\"url\":\"https:\/\/secure.gravatar.com\/avatar\/418f74acd1f1514b31d4d2a99f5fa546f89775d2ac0f931151cb25a8986b8942?s=96&d=mm&r=g\",\"contentUrl\":\"https:\/\/secure.gravatar.com\/avatar\/418f74acd1f1514b31d4d2a99f5fa546f89775d2ac0f931151cb25a8986b8942?s=96&d=mm&r=g\",\"caption\":\"Hedone\"},\"url\":\"https:\/\/hedone.pt\/pt-pt\/author\/hedone-adm\/\"}]}<\/script>\n<!-- \/ Yoast SEO plugin. -->","yoast_head_json":{"title":"Lagoa de \u00d3bidos - Hedone","description":"A Lagoa de \u00d3bidos \u00e9 uma grande lagoa costeira situada no centro de Portugal, perto da vila de \u00d3bidos.","robots":{"index":"index","follow":"follow","max-snippet":"max-snippet:-1","max-image-preview":"max-image-preview:large","max-video-preview":"max-video-preview:-1"},"canonical":"https:\/\/hedone.pt\/pt-pt\/lagoa-de-obidos\/","og_locale":"pt_PT","og_type":"article","og_title":"Lagoa de \u00d3bidos - Hedone","og_description":"A Lagoa de \u00d3bidos \u00e9 uma grande lagoa costeira situada no centro de Portugal, perto da vila de \u00d3bidos.","og_url":"https:\/\/hedone.pt\/pt-pt\/lagoa-de-obidos\/","og_site_name":"Hedone","article_publisher":"https:\/\/www.facebook.com\/profile.php?id=61551012387703","article_published_time":"2024-12-11T22:24:05+00:00","article_modified_time":"2024-12-11T22:34:30+00:00","og_image":[{"width":1200,"height":627,"url":"https:\/\/hedone.pt\/wp-content\/uploads\/2024\/12\/Lagoa-Obidos.webp","type":"image\/webp"}],"author":"Hedone","twitter_card":"summary_large_image","twitter_misc":{"Escrito por":"Hedone","Tempo estimado de leitura":"1 minuto"},"schema":{"@context":"https:\/\/schema.org","@graph":[{"@type":"Article","@id":"https:\/\/hedone.pt\/pt-pt\/lagoa-de-obidos\/#article","isPartOf":{"@id":"https:\/\/hedone.pt\/pt-pt\/lagoa-de-obidos\/"},"author":{"name":"Hedone","@id":"https:\/\/hedone.pt\/pt-pt\/#\/schema\/person\/3a63140506bb493902f2f4db82aaf387"},"headline":"Lagoa de \u00d3bidos","datePublished":"2024-12-11T22:24:05+00:00","dateModified":"2024-12-11T22:34:30+00:00","mainEntityOfPage":{"@id":"https:\/\/hedone.pt\/pt-pt\/lagoa-de-obidos\/"},"wordCount":288,"publisher":{"@id":"https:\/\/hedone.pt\/pt-pt\/#organization"},"image":{"@id":"https:\/\/hedone.pt\/pt-pt\/lagoa-de-obidos\/#primaryimage"},"thumbnailUrl":"https:\/\/hedone.pt\/wp-content\/uploads\/2024\/12\/Lagoa-Obidos.webp","keywords":["Lagoa","\u00f3bidos","Praia Del Rey"],"articleSection":["Lifestyle"],"inLanguage":"pt-PT"},{"@type":"WebPage","@id":"https:\/\/hedone.pt\/pt-pt\/lagoa-de-obidos\/","url":"https:\/\/hedone.pt\/pt-pt\/lagoa-de-obidos\/","name":"Lagoa de \u00d3bidos - Hedone","isPartOf":{"@id":"https:\/\/hedone.pt\/pt-pt\/#website"},"primaryImageOfPage":{"@id":"https:\/\/hedone.pt\/pt-pt\/lagoa-de-obidos\/#primaryimage"},"image":{"@id":"https:\/\/hedone.pt\/pt-pt\/lagoa-de-obidos\/#primaryimage"},"thumbnailUrl":"https:\/\/hedone.pt\/wp-content\/uploads\/2024\/12\/Lagoa-Obidos.webp","datePublished":"2024-12-11T22:24:05+00:00","dateModified":"2024-12-11T22:34:30+00:00","description":"A Lagoa de \u00d3bidos \u00e9 uma grande lagoa costeira situada no centro de Portugal, perto da vila de \u00d3bidos.","breadcrumb":{"@id":"https:\/\/hedone.pt\/pt-pt\/lagoa-de-obidos\/#breadcrumb"},"inLanguage":"pt-PT","potentialAction":[{"@type":"ReadAction","target":["https:\/\/hedone.pt\/pt-pt\/lagoa-de-obidos\/"]}]},{"@type":"ImageObject","inLanguage":"pt-PT","@id":"https:\/\/hedone.pt\/pt-pt\/lagoa-de-obidos\/#primaryimage","url":"https:\/\/hedone.pt\/wp-content\/uploads\/2024\/12\/Lagoa-Obidos.webp","contentUrl":"https:\/\/hedone.pt\/wp-content\/uploads\/2024\/12\/Lagoa-Obidos.webp","width":1200,"height":627,"caption":"The Lagoa de \u00d3bidos"},{"@type":"BreadcrumbList","@id":"https:\/\/hedone.pt\/pt-pt\/lagoa-de-obidos\/#breadcrumb","itemListElement":[{"@type":"ListItem","position":1,"name":"Home","item":"https:\/\/hedone.pt\/pt-pt\/"},{"@type":"ListItem","position":2,"name":"Lagoa de \u00d3bidos"}]},{"@type":"WebSite","@id":"https:\/\/hedone.pt\/pt-pt\/#website","url":"https:\/\/hedone.pt\/pt-pt\/","name":"Hedone","description":"Go everywhere but start here","publisher":{"@id":"https:\/\/hedone.pt\/pt-pt\/#organization"},"potentialAction":[{"@type":"SearchAction","target":{"@type":"EntryPoint","urlTemplate":"https:\/\/hedone.pt\/pt-pt\/?s={search_term_string}"},"query-input":{"@type":"PropertyValueSpecification","valueRequired":true,"valueName":"search_term_string"}}],"inLanguage":"pt-PT"},{"@type":"Organization","@id":"https:\/\/hedone.pt\/pt-pt\/#organization","name":"Hedone","url":"https:\/\/hedone.pt\/pt-pt\/","logo":{"@type":"ImageObject","inLanguage":"pt-PT","@id":"https:\/\/hedone.pt\/pt-pt\/#\/schema\/logo\/image\/","url":"https:\/\/hedone.pt\/wp-content\/uploads\/2023\/01\/Hedone_Logotipo_SemFundo-e1674658481593.png","contentUrl":"https:\/\/hedone.pt\/wp-content\/uploads\/2023\/01\/Hedone_Logotipo_SemFundo-e1674658481593.png","width":1175,"height":869,"caption":"Hedone"},"image":{"@id":"https:\/\/hedone.pt\/pt-pt\/#\/schema\/logo\/image\/"},"sameAs":["https:\/\/www.facebook.com\/profile.php?id=61551012387703","https:\/\/www.instagram.com\/hedone_properties\/","https:\/\/api.whatsapp.com\/send\/?phone=351929061490&text&type=phone_number&app_absent=0"]},{"@type":"Person","@id":"https:\/\/hedone.pt\/pt-pt\/#\/schema\/person\/3a63140506bb493902f2f4db82aaf387","name":"Hedone","image":{"@type":"ImageObject","inLanguage":"pt-PT","@id":"https:\/\/hedone.pt\/pt-pt\/#\/schema\/person\/image\/","url":"https:\/\/secure.gravatar.com\/avatar\/418f74acd1f1514b31d4d2a99f5fa546f89775d2ac0f931151cb25a8986b8942?s=96&d=mm&r=g","contentUrl":"https:\/\/secure.gravatar.com\/avatar\/418f74acd1f1514b31d4d2a99f5fa546f89775d2ac0f931151cb25a8986b8942?s=96&d=mm&r=g","caption":"Hedone"},"url":"https:\/\/hedone.pt\/pt-pt\/author\/hedone-adm\/"}]}},"_links":{"self":[{"href":"https:\/\/hedone.pt\/pt-pt\/wp-json\/wp\/v2\/posts\/3103","targetHints":{"allow":["GET"]}}],"collection":[{"href":"https:\/\/hedone.pt\/pt-pt\/wp-json\/wp\/v2\/posts"}],"about":[{"href":"https:\/\/hedone.pt\/pt-pt\/wp-json\/wp\/v2\/types\/post"}],"author":[{"embeddable":true,"href":"https:\/\/hedone.pt\/pt-pt\/wp-json\/wp\/v2\/users\/3"}],"replies":[{"embeddable":true,"href":"https:\/\/hedone.pt\/pt-pt\/wp-json\/wp\/v2\/comments?post=3103"}],"version-history":[{"count":2,"href":"https:\/\/hedone.pt\/pt-pt\/wp-json\/wp\/v2\/posts\/3103\/revisions"}],"predecessor-version":[{"id":3105,"href":"https:\/\/hedone.pt\/pt-pt\/wp-json\/wp\/v2\/posts\/3103\/revisions\/3105"}],"wp:featuredmedia":[{"embeddable":true,"href":"https:\/\/hedone.pt\/pt-pt\/wp-json\/wp\/v2\/media\/3097"}],"wp:attachment":[{"href":"https:\/\/hedone.pt\/pt-pt\/wp-json\/wp\/v2\/media?parent=3103"}],"wp:term":[{"taxonomy":"category","embeddable":true,"href":"https:\/\/hedone.pt\/pt-pt\/wp-json\/wp\/v2\/categories?post=3103"},{"taxonomy":"post_tag","embeddable":true,"href":"https:\/\/hedone.pt\/pt-pt\/wp-json\/wp\/v2\/tags?post=3103"}],"curies":[{"name":"wp","href":"https:\/\/api.w.org\/{rel}","templated":true}]}}